{"id":7501,"date":"2021-04-07T10:19:05","date_gmt":"2021-04-07T10:19:05","guid":{"rendered":"http:\/\/obcanskymonitoring.cz\/?p=7501"},"modified":"2021-04-07T17:40:23","modified_gmt":"2021-04-07T17:40:23","slug":"arch-m-svabova-dopis-na-mzp","status":"publish","type":"post","link":"https:\/\/obcanskymonitoring.cz\/?p=7501","title":{"rendered":"Arch. M. \u0160v\u00e1bov\u00e1: P\u0159ipom\u00ednky k nov\u00e9mu stavebn\u00edmu z\u00e1konu"},"content":{"rendered":"<div class=\"pvc_clear\"><\/div><p class=\"pvc_stats total_only \" data-element-id=\"7501\" style=\"\"><i class=\"pvc-stats-icon medium\" aria-hidden=\"true\"><svg xmlns=\"http:\/\/www.w3.org\/2000\/svg\" version=\"1.0\" viewBox=\"0 0 502 315\" preserveAspectRatio=\"xMidYMid meet\"><g transform=\"translate(0,332) scale(0.1,-0.1)\" fill=\"\" stroke=\"none\"><path d=\"M2394 3279 l-29 -30 -3 -207 c-2 -182 0 -211 15 -242 39 -76 157 -76 196 0 15 31 17 60 15 243 l-3 209 -33 29 c-26 23 -41 29 -80 29 -41 0 -53 -5 -78 -31z\"\/><path d=\"M3085 3251 c-45 -19 -58 -50 -96 -229 -47 -217 -49 -260 -13 -295 52 -53 146 -42 177 20 16 31 87 366 87 410 0 70 -86 122 -155 94z\"\/><path d=\"M1751 3234 c-13 -9 -29 -31 -37 -50 -12 -29 -10 -49 21 -204 19 -94 39 -189 45 -210 14 -50 54 -80 110 -80 34 0 48 6 76 34 21 21 34 44 34 59 0 14 -18 113 -40 219 -37 178 -43 195 -70 221 -36 32 -101 37 -139 11z\"\/><path d=\"M1163 3073 c-36 -7 -73 -59 -73 -102 0 -56 133 -378 171 -413 34 -32 83 -37 129 -13 70 36 67 87 -16 290 -86 209 -89 214 -129 231 -35 14 -42 15 -82 7z\"\/><path d=\"M3689 3066 c-15 -9 -33 -30 -42 -48 -48 -103 -147 -355 -147 -375 0 -98 131 -148 192 -74 13 15 57 108 97 206 80 196 84 226 37 273 -30 30 -99 39 -137 18z\"\/><path d=\"M583 2784 c-38 -19 -67 -74 -58 -113 9 -42 211 -354 242 -373 16 -10 45 -18 66 -18 51 0 107 52 107 100 0 39 -1 41 -124 234 -80 126 -108 162 -133 173 -41 17 -61 16 -100 -3z\"\/><path d=\"M4250 2784 c-14 -9 -74 -91 -133 -183 -95 -150 -107 -173 -107 -213 0 -55 33 -94 87 -104 67 -13 90 8 211 198 130 202 137 225 78 284 -27 27 -42 34 -72 34 -22 0 -50 -8 -64 -16z\"\/><path d=\"M2275 2693 c-553 -48 -1095 -270 -1585 -649 -135 -104 -459 -423 -483 -476 -23 -49 -22 -139 2 -186 73 -142 361 -457 571 -626 285 -228 642 -407 990 -497 242 -63 336 -73 660 -74 310 0 370 5 595 52 535 111 1045 392 1455 803 122 121 250 273 275 326 19 41 19 137 0 174 -41 79 -309 363 -465 492 -447 370 -946 591 -1479 653 -113 14 -422 18 -536 8z m395 -428 c171 -34 330 -124 456 -258 112 -119 167 -219 211 -378 27 -96 24 -300 -5 -401 -72 -255 -236 -447 -474 -557 -132 -62 -201 -76 -368 -76 -167 0 -236 14 -368 76 -213 98 -373 271 -451 485 -162 444 86 934 547 1084 153 49 292 57 452 25z m909 -232 c222 -123 408 -262 593 -441 76 -74 138 -139 138 -144 0 -16 -233 -242 -330 -319 -155 -123 -309 -223 -461 -299 l-81 -41 32 46 c18 26 49 83 70 128 143 306 141 649 -6 957 -25 52 -61 116 -79 142 l-34 47 45 -20 c26 -10 76 -36 113 -56z m-2057 25 c-40 -58 -105 -190 -130 -263 -110 -324 -59 -707 132 -981 25 -35 42 -64 37 -64 -19 0 -241 119 -326 174 -188 122 -406 314 -532 468 l-58 71 108 103 c185 178 428 349 672 473 66 33 121 60 123 61 2 0 -10 -19 -26 -42z\"\/><path d=\"M2375 1950 c-198 -44 -350 -190 -395 -379 -18 -76 -8 -221 19 -290 114 -284 457 -406 731 -260 98 52 188 154 231 260 27 69 37 214 19 290 -38 163 -166 304 -326 360 -67 23 -215 33 -279 19z\"\/><\/g><\/svg><\/i> &nbsp;1,525&nbsp;total views<\/p><div class=\"pvc_clear\"><\/div>\n<figure class=\"wp-block-image size-large is-resized\"><a href=\"http:\/\/obcanskymonitoring.cz\/wp-content\/uploads\/2021\/04\/image002.png\"><img loading=\"lazy\" src=\"http:\/\/obcanskymonitoring.cz\/wp-content\/uploads\/2021\/04\/image002.png\" alt=\"\" class=\"wp-image-7500\" width=\"499\" height=\"95\" srcset=\"https:\/\/obcanskymonitoring.cz\/wp-content\/uploads\/2021\/04\/image002.png 665w, https:\/\/obcanskymonitoring.cz\/wp-content\/uploads\/2021\/04\/image002-300x57.png 300w\" sizes=\"(max-width: 499px) 100vw, 499px\" \/><\/a><\/figure>\n\n\n\n<p>Ministerstvo \u017eivotn\u00edho prost\u0159ed\u00ed \u010cR<br>Ing. Vladim\u00edr Mana LL.M<br>N\u00e1m\u011bstek ministra<br>Vr\u0161ovick\u00e1 1442\/65<br>100 10 Praha 10, Vr\u0161ovice<\/p>\n\n\n\n<p class=\"has-text-align-right\">&nbsp;&nbsp;&nbsp;&nbsp;&nbsp;&nbsp;&nbsp;&nbsp;&nbsp;&nbsp;&nbsp;&nbsp;&nbsp;&nbsp;&nbsp;&nbsp;&nbsp;&nbsp;&nbsp;&nbsp;&nbsp;&nbsp;&nbsp;&nbsp;&nbsp;&nbsp;&nbsp;&nbsp;&nbsp;&nbsp;&nbsp;&nbsp;&nbsp;&nbsp;&nbsp;&nbsp;&nbsp;&nbsp;&nbsp;&nbsp;&nbsp;&nbsp;&nbsp;&nbsp;&nbsp;&nbsp;&nbsp;&nbsp;&nbsp;&nbsp;&nbsp;&nbsp;&nbsp;&nbsp;&nbsp;&nbsp;&nbsp;&nbsp;&nbsp;&nbsp;&nbsp;&nbsp;&nbsp;&nbsp;&nbsp;&nbsp;&nbsp;&nbsp;&nbsp;&nbsp;&nbsp;&nbsp;&nbsp;&nbsp;&nbsp;&nbsp;&nbsp;&nbsp;&nbsp;&nbsp;&nbsp;&nbsp;&nbsp;&nbsp; 30. 3. 2021<\/p>\n\n\n\n<p>V\u011bc: Stavebn\u00ed z\u00e1kon<\/p>\n\n\n<p><!--more--><\/p>\n\n\n<p>V\u00e1\u017een\u00fd pane n\u00e1m\u011bstku,<\/p>\n\n\n\n<p>&nbsp;&nbsp;&nbsp;&nbsp;&nbsp;&nbsp;&nbsp;&nbsp;&nbsp;&nbsp;&nbsp; Velmi mne zaujalo Va\u0161e vyj\u00e1d\u0159en\u00ed k&nbsp;n\u00e1vrhu nov\u00e9ho stavebn\u00edho z\u00e1kona v&nbsp;po\u0159adu \u201eNedej se\u201c dne 28. 3. v&nbsp;souvislosti s&nbsp;\u00fazemn\u00edm pl\u00e1nov\u00e1n\u00edm. Zab\u00fdv\u00e1m se ochranou historick\u00fdch m\u011bst od r. 1976 \u2013 jako projektant v SURPMO (St\u00e1tn\u00ed \u00fastav pro rekonstrukce pam\u00e1tkov\u00fdch m\u011bst a objekt\u016f), po ukon\u010den\u00ed zam\u011bstnaneck\u00e9ho pom\u011bru pokra\u010duji v t\u00e9to \u010dinnosti v&nbsp;ASORKD v&nbsp;r\u00e1mci spolupr\u00e1ce s ob\u010dansk\u00fdmi spolky, kter\u00e9 se br\u00e1n\u00ed poru\u0161en\u00ed identity sv\u00e9ho prost\u0159ed\u00ed tzv. kontroverzn\u00edmi stavbami. Za \u010dtrn\u00e1ct let pr\u00e1ce na t\u011bchto kauz\u00e1ch jsem si ov\u011b\u0159ila, \u017ee v\u0161echny maj\u00ed jedno spole\u010dn\u00e9: lid\u00e9 neprotestuj\u00ed proti nov\u00fdm objekt\u016fm, ale br\u00e1n\u00ed se poru\u0161ov\u00e1n\u00ed kontextu\u00e1ln\u00edch (harmonick\u00fdch) vazeb v&nbsp;z\u00e1stavb\u011b. Vn\u00edmaj\u00ed sv\u00e9 m\u011bsto jako sv\u00e9 \u017eivotn\u00ed prost\u0159ed\u00ed, jsou ochotni za harmonick\u00e9 vztahy ve ve\u0159ejn\u00fdch prostorech peticemi i demonstracemi. D\u016fvodem jejich nespokojenosti je nesoulad mezi jejich vrozen\u00fdm zp\u016fsobem vizu\u00e1ln\u00edho vn\u00edm\u00e1n\u00ed prost\u0159ed\u00ed, ve kter\u00e9m se nach\u00e1zej\u00ed, a \u201emodern\u00ed\u201c architekturou, kter\u00e1 sv\u00e9 prost\u0159ed\u00ed \u2013 jeho prostorov\u00e9 a tvarov\u00e9 vlastnosti ignoruje, nesna\u017e\u00ed se na n\u011bj nav\u00e1zat, ale naopak, co nejv\u00edce se odli\u0161it.<\/p>\n\n\n\n<p>&nbsp;&nbsp;&nbsp;&nbsp;&nbsp;&nbsp;&nbsp;&nbsp;&nbsp;&nbsp;&nbsp; V&nbsp;p\u0159\u00edloze V\u00e1m pos\u00edl\u00e1me pro informaci sv\u00e9 p\u0159ipom\u00ednky k&nbsp;sou\u010dasn\u00fdm n\u00e1vrh\u016fm pam\u00e1tkov\u00e9ho a stavebn\u00edho z\u00e1kona, vych\u00e1zej\u00edc\u00ed z&nbsp;definice architektury a stavebnictv\u00ed jako tvorby prostor\u016f -\u017eivotn\u00edho prost\u0159ed\u00ed \u2013 pro civilizovanou spole\u010dnost. Informace o prost\u0159ed\u00ed, m\u00edstu, kde se nach\u00e1z\u00edme, z\u00edsk\u00e1v\u00e1me p\u0159edev\u0161\u00edm vizu\u00e1ln\u00ed percepc\u00ed. Proto jsme sv\u00e9 p\u0159ipom\u00ednky zalo\u017eili na z\u00e1konitostech vizu\u00e1ln\u00edho vn\u00edm\u00e1n\u00ed, kter\u00e9 definovala modern\u00ed v\u011bda ji\u017e na po\u010d\u00e1tku 20. stolet\u00ed v&nbsp;n\u00e1vaznosti ne definici \u00falohy prostoru pro na\u0161e vizu\u00e1ln\u00ed spojen\u00ed se sv\u011btem kolem n\u00e1s. Prok\u00e1zala, \u017ee nejde o individu\u00e1ln\u00ed, subjektivn\u00ed z\u00e1le\u017eitost, ale o v\u0161em spole\u010dn\u00fd, vrozen\u00fd zp\u016fsob vn\u00edm\u00e1n\u00ed a t\u0159\u00edd\u011bn\u00ed takto z\u00edskan\u00fdch poznatk\u016f do soun\u00e1le\u017eit\u00fdch skupin. Jde tedy o danost, ze kter\u00e9 lze z\u00edskat konkr\u00e9tn\u00ed postup anal\u00fdzy i jasn\u00e9 regulativy sm\u011b\u0159uj\u00edc\u00edch k&nbsp;postupn\u00e9mu vytvo\u0159en\u00ed z\u00e1stavby, kter\u00e1 zohledn\u00ed nejen m\u011bstskou infrastrukturu, funk\u010dn\u00ed vyu\u017eit\u00ed a hygienu ve m\u011bst\u011b, jak je tomu v&nbsp;\u00fazemn\u00edm pl\u00e1nov\u00e1n\u00ed dnes, ale bude m\u00edt na z\u0159eteli i uspokojen\u00ed pot\u0159eb na\u0161\u00ed psychiky.<\/p>\n\n\n\n<p>&nbsp;&nbsp;&nbsp;&nbsp;&nbsp;&nbsp;&nbsp;&nbsp;&nbsp;&nbsp;&nbsp; Anal\u00fdzy prostorov\u00fdch a kompozi\u010dn\u00edch vztah\u016f v&nbsp;z\u00e1stavb\u011b umo\u017en\u00ed z\u00edskat i objemov\u00e9 a v\u00fd\u0161kov\u00e9 parametry z\u00e1stavby do \u00fazemn\u00edch\/ regula\u010dn\u00edch pl\u00e1n\u016f, kter\u00e9 jste postr\u00e1dal ve sv\u00e9m vyj\u00e1d\u0159en\u00ed k&nbsp;n\u00e1vrhu nov\u00e9ho stavebn\u00edho z\u00e1kona. Paradoxn\u011b tyto anal\u00fdzy po\u017eaduje i vlastn\u00ed dokument ministerstva m\u00edstn\u00edho rozvoje z&nbsp;r. 2014 Politika architektury a stavebn\u00ed kultury \u010cR, kter\u00fd ov\u0161em do n\u00e1vrhu nov\u00e9ho stavebn\u00edho z\u00e1kona implementov\u00e1n nebyl. Regula\u010dn\u00ed pl\u00e1ny zam\u011b\u0159en\u00e9 na plnou existenci\u00e1ln\u00ed podporu \u010dlov\u011bka (i jeho psychick\u00e9ho spojen\u00ed s&nbsp;prost\u0159ed\u00edm) nesm\u011b\u0159uj\u00ed pouze k&nbsp;zachov\u00e1n\u00ed existuj\u00edc\u00edch hodnot, ale i jejich pokra\u010dov\u00e1n\u00ed v&nbsp;dal\u0161\u00edm v\u00fdvoji m\u011bst i krajiny.<\/p>\n\n\n\n<p>&nbsp;&nbsp;&nbsp;&nbsp;&nbsp;&nbsp;&nbsp;&nbsp;&nbsp;&nbsp;&nbsp; Podrobn\u011bji je v\u0161e vysv\u011btleno v&nbsp;tez\u00edch, kter\u00e9 na\u0161e p\u0159ipom\u00ednky uv\u00e1d\u011bj\u00ed. Velmi bychom uv\u00edtali V\u00e1\u0161 n\u00e1zor na na\u0161i snahu vlo\u017eit do zn\u011bn\u00ed na\u0161ich z\u00e1kon\u016f souvisej\u00edc\u00edch s&nbsp;\u00fazemn\u00edm pl\u00e1nov\u00e1n\u00edm v\u011bcn\u00fd obsah, vypl\u00fdvaj\u00edc\u00ed z&nbsp;komplexn\u00edho pojet\u00ed m\u011bsta i krajiny jako \u017eivotn\u00edho prost\u0159ed\u00ed.<\/p>\n\n\n\n<p>Se srde\u010dn\u00fdm pozdravem<\/p>\n\n\n\n<p class=\"has-text-align-right\">Ing. arch. Marie \u0160v\u00e1bov\u00e1<br>viceprezidentka asociace<\/p>\n\n\n\n<p><\/p>\n\n\n\n<div class=\"wp-block-file\"><a href=\"https:\/\/obcanskymonitoring.cz\/wp-content\/uploads\/2021\/04\/Uplne-pripominky-teze-2020-ASORKD-2.docx\">P\u0159\u00edloha: P\u0159ipom\u00ednky ke t\u0159em z\u00e1kon\u016fm zpracovan\u00fdm v ASORKD<\/a><a href=\"https:\/\/obcanskymonitoring.cz\/wp-content\/uploads\/2021\/04\/Uplne-pripominky-teze-2020-ASORKD-2.docx\" class=\"wp-block-file__button\" download>St\u00e1hnout<\/a><\/div>\n\n\n\n<p>Adresa pro odpov\u011b\u010f:<br>Ing. arch. Marie \u0160v\u00e1bov\u00e1<br>Vra\u0161tilova 184<br>252 63 Roztoky<\/p>\n<div data-counters='1' data-style='square' data-size='regular' data-url='https:\/\/obcanskymonitoring.cz\/?p=7501' data-title='Arch. M. \u0160v\u00e1bov\u00e1: P\u0159ipom\u00ednky k nov\u00e9mu stavebn\u00edmu z\u00e1konu' class='linksalpha_container linksalpha_app_3'><a href='\/\/www.linksalpha.com\/share?network='facebook' class='linksalpha_icon_facebook'><\/a><a href='\/\/www.linksalpha.com\/share?network='twitter' class='linksalpha_icon_twitter'><\/a><a href='\/\/www.linksalpha.com\/share?network='googleplus' class='linksalpha_icon_googleplus'><\/a><a href='\/\/www.linksalpha.com\/share?network='mail' class='linksalpha_icon_mail'><\/a><\/div><div data-position='' data-url='https:\/\/obcanskymonitoring.cz\/?p=7501' data-title='Arch. M. \u0160v\u00e1bov\u00e1: P\u0159ipom\u00ednky k nov\u00e9mu stavebn\u00edmu z\u00e1konu' class='linksalpha_container linksalpha_app_7'><a href='\/\/www.linksalpha.com\/share?network='facebook' class='linksalpha_icon_facebook'><\/a><a href='\/\/www.linksalpha.com\/share?network='twitter' class='linksalpha_icon_twitter'><\/a><a href='\/\/www.linksalpha.com\/share?network='googleplus' class='linksalpha_icon_googleplus'><\/a><a href='\/\/www.linksalpha.com\/share?network='mail' class='linksalpha_icon_mail'><\/a><\/div>","protected":false},"excerpt":{"rendered":"<p>&nbsp;1,525&nbsp;total views Ministerstvo \u017eivotn\u00edho prost\u0159ed\u00ed \u010cRIng. Vladim\u00edr Mana LL.MN\u00e1m\u011bstek ministraVr\u0161ovick\u00e1 1442\/65100 10 Praha 10, Vr\u0161ovice &nbsp;&nbsp;&nbsp;&nbsp;&nbsp;&nbsp;&nbsp;&nbsp;&nbsp;&nbsp;&nbsp;&nbsp;&nbsp;&nbsp;&nbsp;&nbsp;&nbsp;&nbsp;&nbsp;&nbsp;&nbsp;&nbsp;&nbsp;&nbsp;&nbsp;&nbsp;&nbsp;&nbsp;&nbsp;&nbsp;&nbsp;&nbsp;&nbsp;&nbsp;&nbsp;&nbsp;&nbsp;&nbsp;&nbsp;&nbsp;&nbsp;&nbsp;&nbsp;&nbsp;&nbsp;&nbsp;&nbsp;&nbsp;&nbsp;&nbsp;&nbsp;&nbsp;&nbsp;&nbsp;&nbsp;&nbsp;&nbsp;&nbsp;&nbsp;&nbsp;&nbsp;&nbsp;&nbsp;&nbsp;&nbsp;&nbsp;&nbsp;&nbsp;&nbsp;&nbsp;&nbsp;&nbsp;&nbsp;&nbsp;&nbsp;&nbsp;&nbsp;&nbsp;&nbsp;&nbsp;&nbsp;&nbsp;&nbsp;&nbsp; 30. 3. 2021 V\u011bc: Stavebn\u00ed z\u00e1kon<\/p>\n","protected":false},"author":3,"featured_media":0,"comment_status":"open","ping_status":"open","sticky":true,"template":"","format":"standard","meta":[],"categories":[19,7,39,29],"tags":[],"_links":{"self":[{"href":"https:\/\/obcanskymonitoring.cz\/index.php?rest_route=\/wp\/v2\/posts\/7501"}],"collection":[{"href":"https:\/\/obcanskymonitoring.cz\/index.php?rest_route=\/wp\/v2\/posts"}],"about":[{"href":"https:\/\/obcanskymonitoring.cz\/index.php?rest_route=\/wp\/v2\/types\/post"}],"author":[{"embeddable":true,"href":"https:\/\/obcanskymonitoring.cz\/index.php?rest_route=\/wp\/v2\/users\/3"}],"replies":[{"embeddable":true,"href":"https:\/\/obcanskymonitoring.cz\/index.php?rest_route=%2Fwp%2Fv2%2Fcomments&post=7501"}],"version-history":[{"count":6,"href":"https:\/\/obcanskymonitoring.cz\/index.php?rest_route=\/wp\/v2\/posts\/7501\/revisions"}],"predecessor-version":[{"id":7512,"href":"https:\/\/obcanskymonitoring.cz\/index.php?rest_route=\/wp\/v2\/posts\/7501\/revisions\/7512"}],"wp:attachment":[{"href":"https:\/\/obcanskymonitoring.cz\/index.php?rest_route=%2Fwp%2Fv2%2Fmedia&parent=7501"}],"wp:term":[{"taxonomy":"category","embeddable":true,"href":"https:\/\/obcanskymonitoring.cz\/index.php?rest_route=%2Fwp%2Fv2%2Fcategories&post=7501"},{"taxonomy":"post_tag","embeddable":true,"href":"https:\/\/obcanskymonitoring.cz\/index.php?rest_route=%2Fwp%2Fv2%2Ftags&post=7501"}],"curies":[{"name":"wp","href":"https:\/\/api.w.org\/{rel}","templated":true}]}}