{"id":7647,"date":"2021-05-25T11:39:26","date_gmt":"2021-05-25T11:39:26","guid":{"rendered":"http:\/\/obcanskymonitoring.cz\/?p=7647"},"modified":"2021-05-25T11:39:28","modified_gmt":"2021-05-25T11:39:28","slug":"dokument-rozhodnuti-rady-evropy-o-zakazu-povinneho-ockovani-proti-covidu-19","status":"publish","type":"post","link":"https:\/\/obcanskymonitoring.cz\/?p=7647","title":{"rendered":"Dokument: Rozhodnut\u00ed Rady Evropy o z\u00e1kazu povinn\u00e9ho o\u010dkov\u00e1n\u00ed proti covidu-19"},"content":{"rendered":"<div class=\"pvc_clear\"><\/div><p class=\"pvc_stats total_only \" data-element-id=\"7647\" style=\"\"><i class=\"pvc-stats-icon medium\" aria-hidden=\"true\"><svg xmlns=\"http:\/\/www.w3.org\/2000\/svg\" version=\"1.0\" viewBox=\"0 0 502 315\" preserveAspectRatio=\"xMidYMid meet\"><g transform=\"translate(0,332) scale(0.1,-0.1)\" fill=\"\" stroke=\"none\"><path d=\"M2394 3279 l-29 -30 -3 -207 c-2 -182 0 -211 15 -242 39 -76 157 -76 196 0 15 31 17 60 15 243 l-3 209 -33 29 c-26 23 -41 29 -80 29 -41 0 -53 -5 -78 -31z\"\/><path d=\"M3085 3251 c-45 -19 -58 -50 -96 -229 -47 -217 -49 -260 -13 -295 52 -53 146 -42 177 20 16 31 87 366 87 410 0 70 -86 122 -155 94z\"\/><path d=\"M1751 3234 c-13 -9 -29 -31 -37 -50 -12 -29 -10 -49 21 -204 19 -94 39 -189 45 -210 14 -50 54 -80 110 -80 34 0 48 6 76 34 21 21 34 44 34 59 0 14 -18 113 -40 219 -37 178 -43 195 -70 221 -36 32 -101 37 -139 11z\"\/><path d=\"M1163 3073 c-36 -7 -73 -59 -73 -102 0 -56 133 -378 171 -413 34 -32 83 -37 129 -13 70 36 67 87 -16 290 -86 209 -89 214 -129 231 -35 14 -42 15 -82 7z\"\/><path d=\"M3689 3066 c-15 -9 -33 -30 -42 -48 -48 -103 -147 -355 -147 -375 0 -98 131 -148 192 -74 13 15 57 108 97 206 80 196 84 226 37 273 -30 30 -99 39 -137 18z\"\/><path d=\"M583 2784 c-38 -19 -67 -74 -58 -113 9 -42 211 -354 242 -373 16 -10 45 -18 66 -18 51 0 107 52 107 100 0 39 -1 41 -124 234 -80 126 -108 162 -133 173 -41 17 -61 16 -100 -3z\"\/><path d=\"M4250 2784 c-14 -9 -74 -91 -133 -183 -95 -150 -107 -173 -107 -213 0 -55 33 -94 87 -104 67 -13 90 8 211 198 130 202 137 225 78 284 -27 27 -42 34 -72 34 -22 0 -50 -8 -64 -16z\"\/><path d=\"M2275 2693 c-553 -48 -1095 -270 -1585 -649 -135 -104 -459 -423 -483 -476 -23 -49 -22 -139 2 -186 73 -142 361 -457 571 -626 285 -228 642 -407 990 -497 242 -63 336 -73 660 -74 310 0 370 5 595 52 535 111 1045 392 1455 803 122 121 250 273 275 326 19 41 19 137 0 174 -41 79 -309 363 -465 492 -447 370 -946 591 -1479 653 -113 14 -422 18 -536 8z m395 -428 c171 -34 330 -124 456 -258 112 -119 167 -219 211 -378 27 -96 24 -300 -5 -401 -72 -255 -236 -447 -474 -557 -132 -62 -201 -76 -368 -76 -167 0 -236 14 -368 76 -213 98 -373 271 -451 485 -162 444 86 934 547 1084 153 49 292 57 452 25z m909 -232 c222 -123 408 -262 593 -441 76 -74 138 -139 138 -144 0 -16 -233 -242 -330 -319 -155 -123 -309 -223 -461 -299 l-81 -41 32 46 c18 26 49 83 70 128 143 306 141 649 -6 957 -25 52 -61 116 -79 142 l-34 47 45 -20 c26 -10 76 -36 113 -56z m-2057 25 c-40 -58 -105 -190 -130 -263 -110 -324 -59 -707 132 -981 25 -35 42 -64 37 -64 -19 0 -241 119 -326 174 -188 122 -406 314 -532 468 l-58 71 108 103 c185 178 428 349 672 473 66 33 121 60 123 61 2 0 -10 -19 -26 -42z\"\/><path d=\"M2375 1950 c-198 -44 -350 -190 -395 -379 -18 -76 -8 -221 19 -290 114 -284 457 -406 731 -260 98 52 188 154 231 260 27 69 37 214 19 290 -38 163 -166 304 -326 360 -67 23 -215 33 -279 19z\"\/><\/g><\/svg><\/i> &nbsp;2,691&nbsp;total views<\/p><div class=\"pvc_clear\"><\/div>\n<figure class=\"wp-block-image size-large is-resized\"><a href=\"http:\/\/obcanskymonitoring.cz\/wp-content\/uploads\/2020\/12\/ios-e1612479660769.png\"><img loading=\"lazy\" src=\"http:\/\/obcanskymonitoring.cz\/wp-content\/uploads\/2020\/12\/ios-e1612479660769.png\" alt=\"\" class=\"wp-image-6978\" width=\"90\" height=\"30\"\/><\/a><\/figure>\n\n\n\n<p>Rada Evropy rozhodla v rezoluci \u010d. 2361 (2021) o z\u00e1kazu povinn\u00e9ho o\u010dkov\u00e1n\u00ed. \u010clensk\u00e9 st\u00e1ty EU (v\u010detn\u011b \u010cR) jsou povinny:<\/p>\n\n\n\n<ul><li>zajistit, aby ob\u010dan\u00e9 byli informov\u00e1ni o tom, \u017ee o\u010dkov\u00e1n\u00ed nen\u00ed povinn\u00e9 a \u017ee na nikoho nebude politicky, spole\u010densky ani jinak vyv\u00edjen n\u00e1tlak, aby se nechal o\u010dkovat, pokud si to sami nep\u0159eje<\/li><li>zajistit, aby nikdo nebyl diskriminov\u00e1n za to, \u017ee nebyl o\u010dkov\u00e1n kv\u016fli mo\u017en\u00fdm zdravotn\u00edm rizik\u016fm nebo necht\u011bl b\u00fdt o\u010dkov\u00e1n<\/li><li>zav\u00e9st nez\u00e1visl\u00e9 programy od\u0161kodn\u011bn\u00ed za o\u010dkov\u00e1n\u00ed s c\u00edlem zajistit od\u0161kodn\u011bn\u00ed za nep\u0159im\u011b\u0159en\u00e9 \u0161kody a \u0161kody zp\u016fsoben\u00e9 o\u010dkov\u00e1n\u00edm.<\/li><\/ul>\n\n\n\n<p>OM p\u0159in\u00e1\u0161\u00ed jak odkaz na <a href=\"https:\/\/pace.coe.int\/en\/files\/29004\/html?fbclid=IwAR3uzvkRYy5z0nVTHW9e5yo-r-no5kDRnd8Qw8aZ44EVk6_jVUtVnYykfCU\">origin\u00e1ln\u00ed zn\u011bn\u00ed<\/a>, tak rychl\u00fd \u010desk\u00fd p\u0159eklad (ka\u017ed\u00e1 zm\u00ednka o vakc\u00edn\u011b\/vakcinaci se t\u00fdk\u00e1 covidu-19).<\/p>\n\n\n<p><!--more--><\/p>\n\n\n<p><strong>1. <\/strong>Pandemie covidu-19, infek\u010dn\u00edho onemocn\u011bn\u00ed zp\u016fsoben\u00e9ho nov\u00fdm koronavirem SARS-CoV-2, p\u0159inesla v roce 2020 mnoho utrpen\u00ed. Do prosince 2020 bylo na cel\u00e9m sv\u011bt\u011b zaznamen\u00e1no v\u00edce ne\u017e 65 milion\u016f p\u0159\u00edpad\u016f a v\u00edce ne\u017e 1,5 milionu ob\u011bt\u00ed na \u017eivotech. Samotn\u00e1 z\u00e1t\u011b\u017e zp\u016fsoben\u00e1 pandemi\u00ed, stejn\u011b jako opat\u0159en\u00ed v oblasti ve\u0159ejn\u00e9ho zdrav\u00ed, kter\u00e1 byla nutn\u00e1 k boji proti n\u00ed, zdevastovala sv\u011btovou ekonomiku, obna\u017eila ji\u017e d\u0159\u00edve existuj\u00edc\u00ed rozd\u00edly a nerovnosti (v\u010detn\u011b p\u0159\u00edstupu ke zdravotn\u00ed p\u00e9\u010di) a zp\u016fsobila nezam\u011bstnanost, hospod\u00e1\u0159sk\u00fd pokles a chudobu.<\/p>\n\n\n\n<p><strong>2<\/strong>. Rychl\u00e9 celosv\u011btov\u00e9 nasazen\u00ed bezpe\u010dn\u00fdch a \u00fa\u010dinn\u00fdch vakc\u00edn bude m\u00edt z\u00e1sadn\u00ed v\u00fdznam pro zvl\u00e1dnut\u00ed pandemie, ochranu syst\u00e9m\u016f zdravotn\u00ed p\u00e9\u010de, z\u00e1chranu \u017eivot\u016f a obnovu sv\u011btov\u00fdch ekonomik. P\u0159esto\u017ee nefarmakologick\u00e9 z\u00e1sahy, jako je fyzick\u00fd odstup, pou\u017e\u00edv\u00e1n\u00ed obli\u010dejov\u00fdch masek, \u010dast\u00e9 myt\u00ed rukou a tak\u00e9 odst\u00e1vky a v\u00fdluky, pomohly zpomalit \u0161\u00ed\u0159en\u00ed viru, m\u00edra naka\u017een\u00ed nyn\u00ed na v\u011bt\u0161in\u011b \u00fazem\u00ed sv\u011bta op\u011bt stoup\u00e1. Mnoho \u010dlensk\u00fdch st\u00e1t\u016f Rady Evropy za\u017e\u00edv\u00e1 druhou vlnu, kter\u00e1 je hor\u0161\u00ed ne\u017e prvn\u00ed, zat\u00edmco jejich obyvatel\u00e9 st\u00e1le v\u00edce poci\u0165uj\u00ed \u201e\u00fanavu z&nbsp;pandemie\u201c a c\u00edt\u00ed se demotivov\u00e1ni dodr\u017eovat doporu\u010den\u00e9 chov\u00e1n\u00ed, aby ochr\u00e1nili sebe i ostatn\u00ed p\u0159ed virem.<\/p>\n\n\n\n<p><strong>3. <\/strong>Ani rychle nasazen\u00e9, bezpe\u010dn\u00e9 a \u00fa\u010dinn\u00e9 vakc\u00edny v\u0161ak nejsou okam\u017eit\u00fdm v\u0161el\u00e9kem. Po sv\u00e1te\u010dn\u00edm obdob\u00ed na p\u0159elomu let 2020 a 2021, kter\u00e9 se nese ve znamen\u00ed tradi\u010dn\u00edch setk\u00e1n\u00ed v uzav\u0159en\u00fdch prostor\u00e1ch, bude m\u00edra naka\u017een\u00ed ve v\u011bt\u0161in\u011b \u010dlensk\u00fdch st\u00e1t\u016f pravd\u011bpodobn\u011b velmi vysok\u00e1. Krom\u011b toho byla pr\u00e1v\u011b francouzsk\u00fdmi l\u00e9ka\u0159i v\u011bdecky prok\u00e1z\u00e1na korelace mezi venkovn\u00edmi teplotami a m\u00edrou v\u00fdskytu onemocn\u011bn\u00ed v souvislosti s hospitalizacemi a \u00famrt\u00edmi. Je nepravd\u011bpodobn\u00e9, \u017ee by o\u010dkovac\u00ed l\u00e1tky sta\u010dily k v\u00fdrazn\u00e9mu sn\u00ed\u017een\u00ed m\u00edry infekce v t\u00e9to zim\u011b \u2013 zejm\u00e9na vezmeme-li v \u00favahu, \u017ee popt\u00e1vka v tuto chv\u00edli v\u00fdrazn\u011b p\u0159evy\u0161uje nab\u00eddku. Obnovit zd\u00e1n\u00ed \u201enorm\u00e1ln\u00edho \u017eivota\u201c tak bude mo\u017en\u00e9 i za nejlep\u0161\u00edch okolnost\u00ed nejd\u0159\u00edve v polovin\u011b nebo na konci roku 2021.<\/p>\n\n\n\n<p><strong>4<\/strong>. Pro \u00fa\u010dinnost vakc\u00edn bude rozhoduj\u00edc\u00ed jejich \u00fasp\u011b\u0161n\u00e9 nasazen\u00ed a dostate\u010dn\u00e9 vyu\u017e\u00edv\u00e1n\u00ed. Rychlost, s jakou jsou vakc\u00edny vyv\u00edjeny, v\u0161ak m\u016f\u017ee vyvolat pocit ned\u016fv\u011bry, s n\u00edm\u017e je obt\u00ed\u017en\u00e9 bojovat. K zaji\u0161t\u011bn\u00ed \u00fa\u010dinnosti vakc\u00edn je rovn\u011b\u017e zapot\u0159eb\u00ed jejich rovnom\u011brn\u00e9 nasazen\u00ed. Pokud nejsou vakc\u00edny dostate\u010dn\u011b roz\u0161\u00ed\u0159eny v t\u011b\u017ece zasa\u017een\u00e9 oblasti zem\u011b, st\u00e1vaj\u00ed se ne\u00fa\u010dinn\u00fdmi p\u0159i zastaven\u00ed vlny pandemie. Virus nav\u00edc nezn\u00e1 hranice, a proto je v z\u00e1jmu ka\u017ed\u00e9 zem\u011b spolupracovat na zaji\u0161t\u011bn\u00ed celosv\u011btov\u00e9 rovnosti v p\u0159\u00edstupu k vakc\u00edn\u00e1m. V\u00e1havost a nacionalismus v oblasti o\u010dkov\u00e1n\u00ed mohou zma\u0159it dosud p\u0159ekvapiv\u011b rychl\u00e9 a \u00fasp\u011b\u0161n\u00e9 \u00fasil\u00ed o vakc\u00ednu t\u00edm, \u017ee umo\u017en\u00ed viru SARS-CoV-2 zmutovat a otupit tak dosud nej\u00fa\u010dinn\u011bj\u0161\u00ed n\u00e1stroj proti pandemii na sv\u011bt\u011b.<\/p>\n\n\n\n<p><strong>5<\/strong>. Mezin\u00e1rodn\u00ed spolupr\u00e1ce je tedy nyn\u00ed pot\u0159ebn\u00e1 v\u00edce ne\u017e kdy jindy, aby se urychlil v\u00fdvoj, v\u00fdroba a spravedliv\u00e1 a rovnom\u011brn\u00e1 distribuce vakc\u00edn. N\u00e1stroj COVAX je vedouc\u00ed iniciativou pro glob\u00e1ln\u00ed p\u0159id\u011blov\u00e1n\u00ed vakc\u00edn a p\u0159\u00edstup k nim. N\u00e1stroj COVAX, kter\u00fd spole\u010dn\u011b vedou Sv\u011btov\u00e1 zdravotnick\u00e1 organizace (WHO), Aliance pro vakc\u00edny (Gavi) a Koalice pro inovace v oblasti p\u0159ipravenosti na epidemie (CEPI), vyu\u017e\u00edv\u00e1 finan\u010dn\u00ed prost\u0159edky od p\u0159ihl\u00e1\u0161en\u00fdch zem\u00ed na podporu v\u00fdzkumu, v\u00fdvoje a v\u00fdroby \u0161irok\u00e9 \u0161k\u00e1ly vakc\u00edn a vyjedn\u00e1v\u00e1n\u00ed o jejich cen\u00e1ch. K bezpe\u010dn\u00e9mu a spravedliv\u00e9mu dod\u00e1n\u00ed vakc\u00edn bude rovn\u011b\u017e zapot\u0159eb\u00ed odpov\u00eddaj\u00edc\u00ed \u0159\u00edzen\u00ed a logistika dodavatelsk\u00e9ho \u0159et\u011bzce, kter\u00e9 vy\u017eaduj\u00ed mezin\u00e1rodn\u00ed spolupr\u00e1ci a p\u0159\u00edpravu \u010dlensk\u00fdch st\u00e1t\u016f. V tomto ohledu Parlamentn\u00ed shrom\u00e1\u017ed\u011bn\u00ed upozor\u0148uje na pokyny pro zem\u011b, kter\u00e9 vypracovala WHO a kter\u00e9 se t\u00fdkaj\u00ed p\u0159ipravenosti programu, jeho prov\u00e1d\u011bn\u00ed a rozhodov\u00e1n\u00ed na \u00farovni jednotliv\u00fdch zem\u00ed.<\/p>\n\n\n\n<p><strong>6<\/strong>. \u010clensk\u00e9 st\u00e1ty mus\u00ed ji\u017e nyn\u00ed p\u0159ipravit sv\u00e9 imuniza\u010dn\u00ed strategie pro etick\u00e9 a spravedliv\u00e9 p\u0159id\u011blov\u00e1n\u00ed d\u00e1vek, v\u010detn\u011b rozhodnut\u00ed o tom, kter\u00e9 skupiny obyvatelstva up\u0159ednostnit v po\u010d\u00e1te\u010dn\u00edch f\u00e1z\u00edch, kdy je nedostatek dod\u00e1vek, a jak roz\u0161\u00ed\u0159it o\u010dkov\u00e1n\u00ed, jakmile se zlep\u0161\u00ed dostupnost jedn\u00e9 nebo v\u00edce vakc\u00edn. Bioetici a ekonomov\u00e9 se v\u011bt\u0161inou shoduj\u00ed, \u017ee p\u0159ednostn\u011b by m\u011bly b\u00fdt o\u010dkov\u00e1ny osoby star\u0161\u00ed 65 let, osoby mlad\u0161\u00ed 65 let se z\u00e1kladn\u00edmi zdravotn\u00edmi pot\u00ed\u017eemi, kter\u00e9 je vystavuj\u00ed vy\u0161\u0161\u00edmu riziku z\u00e1va\u017en\u00fdch onemocn\u011bn\u00ed a \u00famrt\u00ed, zdravotni\u010dt\u00ed pracovn\u00edci (zejm\u00e9na ti, kte\u0159\u00ed \u00fazce spolupracuj\u00ed s osobami, kter\u00e9 pat\u0159\u00ed do vysoce rizikov\u00fdch skupin) a osoby pracuj\u00edc\u00ed v z\u00e1kladn\u00ed infrastruktu\u0159e. Nem\u011blo by se zapom\u00ednat ani na d\u011bti, t\u011bhotn\u00e9 \u017eeny a koj\u00edc\u00ed matky, pro kter\u00e9 dosud nebyla schv\u00e1lena \u017e\u00e1dn\u00e1 vakc\u00edna.<\/p>\n\n\n\n<p>7. V\u011bdci odvedli pozoruhodnou pr\u00e1ci v rekordn\u00edm \u010dase. Nyn\u00ed je na vl\u00e1d\u00e1ch, aby jednaly. Shrom\u00e1\u017ed\u011bn\u00ed podporuje vizi gener\u00e1ln\u00edho tajemn\u00edka OSN, \u017ee vakc\u00edna mus\u00ed b\u00fdt celosv\u011btov\u00fdm ve\u0159ejn\u00fdm statkem. Imunizace mus\u00ed b\u00fdt dostupn\u00e1 v\u0161em a v\u0161ude. Shrom\u00e1\u017ed\u011bn\u00ed proto nal\u00e9hav\u011b vyz\u00fdv\u00e1 \u010dlensk\u00e9 st\u00e1ty a Evropskou unii, aby:<\/p>\n\n\n\n<p>7.1 s ohledem na v\u00fdvoj vakc\u00edny:<\/p>\n\n\n\n<ul><li>7.1.1 zajistily vysoce kvalitn\u00ed zkou\u0161ky, kter\u00e9 jsou \u0159\u00e1dn\u00e9 a prov\u00e1d\u011bn\u00e9 etick\u00fdm zp\u016fsobem v souladu s p\u0159\u00edslu\u0161n\u00fdmi ustanoven\u00edmi \u00damluvy o ochran\u011b lidsk\u00fdch pr\u00e1v a d\u016fstojnosti lidsk\u00e9 bytosti v souvislosti s aplikac\u00ed biologie a medic\u00edny: \u00damluva o lidsk\u00fdch pr\u00e1vech a biomedic\u00edn\u011b (ETS \u010d. 164, Oviedsk\u00e1 \u00famluva) a jej\u00ed Dodatkov\u00fd protokol t\u00fdkaj\u00edc\u00ed se biomedic\u00ednsk\u00e9ho v\u00fdzkumu (CETS \u010d. 195) a kter\u00e9 postupn\u011b zahrnuj\u00ed d\u011bti, t\u011bhotn\u00e9 \u017eeny a koj\u00edc\u00ed matky;<\/li><li>7.1.2 zajistit, aby regula\u010dn\u00ed org\u00e1ny pov\u011b\u0159en\u00e9 posuzov\u00e1n\u00edm a povolov\u00e1n\u00edm vakc\u00edn byly nez\u00e1visl\u00e9 a chr\u00e1n\u011bn\u00e9 p\u0159ed politick\u00fdmi tlaky;<\/li><li>7.1.3 zajistit, aby byly dodr\u017eov\u00e1ny p\u0159\u00edslu\u0161n\u00e9 minim\u00e1ln\u00ed standardy bezpe\u010dnosti, \u00fa\u010dinnosti a kvality vakc\u00edn;<\/li><li>7.1.4 zavedly \u00fa\u010dinn\u00e9 syst\u00e9my pro monitorov\u00e1n\u00ed vakc\u00edn a jejich bezpe\u010dnosti po jejich zaveden\u00ed do b\u011b\u017en\u00e9 populace, a to i s ohledem na sledov\u00e1n\u00ed jejich dlouhodob\u00fdch \u00fa\u010dink\u016f;<\/li><li>7.1.5 zav\u00e9st nez\u00e1visl\u00e9 programy od\u0161kodn\u011bn\u00ed za o\u010dkov\u00e1n\u00ed, kter\u00e9 by zajistily od\u0161kodn\u011bn\u00ed za neopr\u00e1vn\u011bn\u00e9 \u0161kody a po\u0161kozen\u00ed zp\u016fsoben\u00e9 o\u010dkov\u00e1n\u00edm;<\/li><li>7.1.6 v\u011bnovat zvl\u00e1\u0161tn\u00ed pozornost mo\u017en\u00e9mu zneu\u017e\u00edv\u00e1n\u00ed vnit\u0159n\u00edch informac\u00ed vedouc\u00edmi pracovn\u00edky farmaceutick\u00fdch firem nebo farmaceutick\u00fdmi spole\u010dnostmi, kter\u00e9 se neopr\u00e1vn\u011bn\u011b obohacuj\u00ed na \u00fakor ve\u0159ejnosti, a to prost\u0159ednictv\u00edm implementace doporu\u010den\u00ed obsa\u017een\u00fdch v rezoluci 2071 (2015) &#8220;Ve\u0159ejn\u00e9 zdrav\u00ed a z\u00e1jmy farmaceutick\u00e9ho pr\u016fmyslu: jak zaru\u010dit p\u0159ednost z\u00e1jm\u016f ve\u0159ejn\u00e9ho zdrav\u00ed?&#8221;;<\/li><li>7.1.7 p\u0159ekonat p\u0159ek\u00e1\u017eky a omezen\u00ed vypl\u00fdvaj\u00edc\u00ed z patent\u016f a pr\u00e1v du\u0161evn\u00edho vlastnictv\u00ed s c\u00edlem zajistit \u0161irokou v\u00fdrobu a distribuci vakc\u00edn ve v\u0161ech zem\u00edch a v\u0161em ob\u010dan\u016fm;<\/li><\/ul>\n\n\n\n<p>7.2 s ohledem na p\u0159id\u011blov\u00e1n\u00ed vakc\u00edn:<\/p>\n\n\n\n<ul><li>7.2.1 zajistit v n\u00e1rodn\u00edch pl\u00e1nech p\u0159id\u011blov\u00e1n\u00ed vakc\u00edn dodr\u017eov\u00e1n\u00ed z\u00e1sady rovn\u00e9ho p\u0159\u00edstupu ke zdravotn\u00ed p\u00e9\u010di, jak je stanovena v \u010dl\u00e1nku 3 Oviedsk\u00e9 \u00famluvy, a zaru\u010dit, aby byly vakc\u00edny dostupn\u00e9 obyvatelstvu bez ohledu na pohlav\u00ed, rasu, n\u00e1bo\u017eenstv\u00ed, pr\u00e1vn\u00ed nebo socioekonomick\u00fd status, platebn\u00ed schopnost, m\u00edsto a dal\u0161\u00ed faktory, kter\u00e9 \u010dasto p\u0159isp\u00edvaj\u00ed k nerovnostem v populaci;<\/li><li>7.2.2 vypracovat strategie pro spravedlivou distribuci vakc\u00edn v r\u00e1mci \u010dlensk\u00fdch st\u00e1t\u016f s ohledem na to, \u017ee nab\u00eddka bude zpo\u010d\u00e1tku n\u00edzk\u00e1, a napl\u00e1novat, jak roz\u0161\u00ed\u0159it o\u010dkovac\u00ed programy, jakmile se nab\u00eddka zv\u00fd\u0161\u00ed; p\u0159i vypracov\u00e1v\u00e1n\u00ed t\u011bchto strategi\u00ed se \u0159\u00eddit radami nez\u00e1visl\u00fdch n\u00e1rodn\u00edch, evropsk\u00fdch a mezin\u00e1rodn\u00edch bioetick\u00fdch v\u00fdbor\u016f a instituc\u00ed, jako\u017e i WHO;<\/li><li>7.2.3 zajistit, aby se s osobami ve stejn\u00fdch prioritn\u00edch skupin\u00e1ch zach\u00e1zelo stejn\u011b, a v\u011bnovat zvl\u00e1\u0161tn\u00ed pozornost nejzraniteln\u011bj\u0161\u00edm osob\u00e1m, jako jsou star\u0161\u00ed osoby, osoby se z\u00e1kladn\u00edmi onemocn\u011bn\u00edmi a zdravotni\u010dt\u00ed pracovn\u00edci, zejm\u00e9na ti, kte\u0159\u00ed \u00fazce spolupracuj\u00ed s osobami, je\u017e pat\u0159\u00ed do vysoce rizikov\u00fdch skupin, a tak\u00e9 osoby, kter\u00e9 pracuj\u00ed v z\u00e1kladn\u00ed infrastruktu\u0159e a ve\u0159ejn\u00fdch slu\u017eb\u00e1ch, zejm\u00e9na v soci\u00e1ln\u00edch slu\u017eb\u00e1ch, ve\u0159ejn\u00e9 doprav\u011b, p\u0159i prosazov\u00e1n\u00ed pr\u00e1va a ve \u0161kol\u00e1ch, a tak\u00e9 osoby pracuj\u00edc\u00ed v maloobchod\u011b;<\/li><li>7.2.4 podporovat rovnost v p\u0159\u00edstupu k vakc\u00edn\u00e1m mezi jednotliv\u00fdmi zem\u011bmi podporou mezin\u00e1rodn\u00edho \u00fasil\u00ed, jako je akceler\u00e1tor p\u0159\u00edstupu k n\u00e1stroj\u016fm ACT a jeho n\u00e1stroj COVAX;<\/li><li>7.2.5 zdr\u017eet se hromad\u011bn\u00ed z\u00e1sob vakc\u00edn, proto\u017ee to podkop\u00e1v\u00e1 schopnost ostatn\u00edch zem\u00ed obstarat vakc\u00edny pro sv\u00e9 obyvatelstvo, a zajistit, aby hromad\u011bn\u00ed z\u00e1sob nevedlo ke zvy\u0161ov\u00e1n\u00ed cen vakc\u00edn pro ty, kte\u0159\u00ed si je nemohou opat\u0159it; prov\u00e1d\u011bt audity a n\u00e1le\u017eitou p\u00e9\u010di, aby bylo zaji\u0161t\u011bno rychl\u00e9 nasazen\u00ed vakc\u00edn za minim\u00e1ln\u00ed n\u00e1klady na z\u00e1klad\u011b pot\u0159eb, a nikoli tr\u017en\u00ed s\u00edly;<\/li><li>7.2.6 zajistit, aby ka\u017ed\u00e1 zem\u011b byla schopna o\u010dkovat sv\u00e9 zdravotnick\u00e9 pracovn\u00edky a ohro\u017een\u00e9 skupiny d\u0159\u00edve, ne\u017e bude o\u010dkov\u00e1n\u00ed roz\u0161\u00ed\u0159eno na nerizikov\u00e9 skupiny, a tedy zv\u00e1\u017eit darov\u00e1n\u00ed d\u00e1vek vakc\u00edn nebo souhlasit s t\u00edm, aby byla d\u00e1na p\u0159ednost zem\u00edm, kter\u00e9 tak dosud nemohly u\u010dinit, s ohledem na to, \u017ee spravedliv\u00e9 a rovnom\u011brn\u00e9 celosv\u011btov\u00e9 rozd\u011blen\u00ed d\u00e1vek vakc\u00edn je nej\u00fa\u010dinn\u011bj\u0161\u00edm zp\u016fsobem, jak porazit pandemii a sn\u00ed\u017eit souvisej\u00edc\u00ed socioekonomickou z\u00e1t\u011b\u017e;<\/li><li>7.2.7 zajistit, aby vakc\u00edny, jejich\u017e bezpe\u010dnost a \u00fa\u010dinnost byla prok\u00e1z\u00e1na, byly dostupn\u00e9 v\u0161em, kte\u0159\u00ed je budou v budoucnu pot\u0159ebovat, a to tak, \u017ee se v p\u0159\u00edpad\u011b pot\u0159eby vyu\u017eije povinn\u00fdch licenc\u00ed za \u00fahradu licen\u010dn\u00edch poplatk\u016f;<\/li><\/ul>\n\n\n\n<p>7.3 s ohledem na zaji\u0161t\u011bn\u00ed vysok\u00e9ho roz\u0161\u00ed\u0159en\u00ed vakc\u00edn:<\/p>\n\n\n\n<ul><li>7.3.1 zajistit, aby ob\u010dan\u00e9 byli informov\u00e1ni o tom, \u017ee o\u010dkov\u00e1n\u00ed nen\u00ed povinn\u00e9, a aby nikdo nebyl vystaven politick\u00e9mu, spole\u010densk\u00e9mu nebo jin\u00e9mu tlaku, aby se nechal o\u010dkovat, pokud si to nep\u0159eje;<\/li><li>7.3.2 zajistit, aby nikdo nebyl diskriminov\u00e1n za to, \u017ee nebyl o\u010dkov\u00e1n z d\u016fvodu mo\u017en\u00fdch zdravotn\u00edch rizik nebo \u017ee se o\u010dkovat nechce;<\/li><li>7.3.3 p\u0159ijmout v\u010das \u00fa\u010dinn\u00e1 opat\u0159en\u00ed proti dezinformac\u00edm, dezinformac\u00edm a v\u00e1h\u00e1n\u00ed ohledn\u011b vakc\u00edn;<\/li><li>7.3.4 \u0161\u00ed\u0159it transparentn\u00ed informace o bezpe\u010dnosti a mo\u017en\u00fdch vedlej\u0161\u00edch \u00fa\u010dinc\u00edch vakc\u00edn, spolupracovat s platformami soci\u00e1ln\u00edch m\u00e9di\u00ed a regulovat je, aby se zabr\u00e1nilo \u0161\u00ed\u0159en\u00ed dezinformac\u00ed;<\/li><li>7.3.5 transparentn\u011b sd\u011blovat obsah smluv s v\u00fdrobci vakc\u00edn a zve\u0159ej\u0148ovat je pro parlamentn\u00ed a ve\u0159ejnou kontrolu;<\/li><li>7.3.6 spolupracovat s nevl\u00e1dn\u00edmi organizacemi a\/nebo jin\u00fdmi m\u00edstn\u00edmi iniciativami s c\u00edlem oslovit marginalizovan\u00e9 skupiny;<\/li><li>7.3.7 spolupracovat s m\u00edstn\u00edmi komunitami p\u0159i vytv\u00e1\u0159en\u00ed a realizaci strategi\u00ed \u0161it\u00fdch na m\u00edru na podporu zav\u00e1d\u011bn\u00ed vakc\u00edn;<\/li><\/ul>\n\n\n\n<p>7.4 s ohledem na o\u010dkov\u00e1n\u00ed d\u011bt\u00ed:<\/p>\n\n\n\n<ul><li>7.4.1 zajistit rovnov\u00e1hu mezi rychl\u00fdm rozvojem o\u010dkov\u00e1n\u00ed pro d\u011bti a \u0159\u00e1dn\u00fdm \u0159e\u0161en\u00edm obav t\u00fdkaj\u00edc\u00edch se bezpe\u010dnosti a \u00fa\u010dinnosti a zajistit \u00faplnou bezpe\u010dnost a \u00fa\u010dinnost v\u0161ech vakc\u00edn, kter\u00e9 jsou d\u011btem k dispozici, se zam\u011b\u0159en\u00edm na nejlep\u0161\u00ed z\u00e1jem d\u00edt\u011bte v souladu s \u00damluvou OSN o pr\u00e1vech d\u00edt\u011bte;<\/li><li>7.4.2 zajistit vysoce kvalitn\u00ed studie s n\u00e1le\u017eitou p\u00e9\u010d\u00ed o p\u0159\u00edslu\u0161n\u00e1 ochrann\u00e1 opat\u0159en\u00ed v souladu s mezin\u00e1rodn\u00edmi pr\u00e1vn\u00edmi normami a pokyny, v\u010detn\u011b spravedliv\u00e9ho rozd\u011blen\u00ed p\u0159\u00ednos\u016f a rizik pro zkouman\u00e9 d\u011bti;<\/li><li>7.4.3 zajistit, aby byla \u0159\u00e1dn\u011b zohledn\u011bna p\u0159\u00e1n\u00ed d\u011bt\u00ed v souladu s jejich v\u011bkem a vysp\u011blost\u00ed; v p\u0159\u00edpad\u011b, \u017ee souhlas d\u00edt\u011bte nelze ud\u011blit, zajistit, aby byl souhlas poskytnut jinou formou a aby byl zalo\u017een na spolehliv\u00fdch a v\u011bku p\u0159im\u011b\u0159en\u00fdch informac\u00edch;<\/li><li>7.4.4 podpo\u0159it D\u011btsk\u00fd fond OSN (UNICEF) v jeho \u00fasil\u00ed dod\u00e1vat vakc\u00edny od v\u00fdrobc\u016f, kte\u0159\u00ed maj\u00ed dohodu se za\u0159\u00edzen\u00edm COVAX, t\u011bm, kte\u0159\u00ed je nejv\u00edce pot\u0159ebuj\u00ed;<\/li><\/ul>\n\n\n\n<p>7.5 s ohledem na zaji\u0161t\u011bn\u00ed monitorov\u00e1n\u00ed dlouhodob\u00fdch \u00fa\u010dink\u016f vakc\u00edn a jejich bezpe\u010dnosti:<\/p>\n\n\n\n<ul><li>7.5.1 zajistit mezin\u00e1rodn\u00ed spolupr\u00e1ci pro v\u010dasn\u00e9 odhalen\u00ed a objasn\u011bn\u00ed jak\u00fdchkoli bezpe\u010dnostn\u00edch sign\u00e1l\u016f prost\u0159ednictv\u00edm glob\u00e1ln\u00ed v\u00fdm\u011bny \u00fadaj\u016f o ne\u017e\u00e1douc\u00edch p\u0159\u00edhod\u00e1ch po imunizaci (AEFI) v re\u00e1ln\u00e9m \u010dase;<\/li><li>7.5.2 pou\u017e\u00edvat o\u010dkovac\u00ed pr\u016fkazy pouze k ur\u010den\u00e9mu \u00fa\u010delu sledov\u00e1n\u00ed \u00fa\u010dinnosti vakc\u00edn, mo\u017en\u00fdch ne\u017e\u00e1douc\u00edch \u00fa\u010dink\u016f a ne\u017e\u00e1douc\u00edch p\u0159\u00edhod;<\/li><li>7.5.3 odstranit ve\u0161ker\u00e9 nedostatky v komunikaci mezi m\u00edstn\u00edmi, region\u00e1ln\u00edmi a mezin\u00e1rodn\u00edmi org\u00e1ny ve\u0159ejn\u00e9ho zdrav\u00ed, kter\u00e9 nakl\u00e1daj\u00ed s \u00fadaji o AEFI, a p\u0159ekonat nedostatky ve st\u00e1vaj\u00edc\u00edch s\u00edt\u00edch zdravotnick\u00fdch \u00fadaj\u016f;<\/li><li>7.5.4 p\u0159ibl\u00ed\u017eit farmakovigilanci syst\u00e9m\u016fm zdravotn\u00ed p\u00e9\u010de;<\/li><li>7.5.5 podpo\u0159it nov\u011b vznikaj\u00edc\u00ed oblast v\u00fdzkumu \u201eadversomiky\u201c, kter\u00e1 studuje individu\u00e1ln\u00ed rozd\u00edly v reakc\u00edch na vakc\u00edny na z\u00e1klad\u011b rozd\u00edl\u016f ve vrozen\u00e9 imunit\u011b, mikrobiomech a imunogenetice.<\/li><\/ul>\n\n\n\n<p><strong>8.<\/strong> S odkazem na rezoluci \u010d. 2337 (2020) o demokraci\u00edch \u010del\u00edc\u00edch pandemii covidu-19 Shrom\u00e1\u017ed\u011bn\u00ed znovu potvrzuje, \u017ee parlamenty jako z\u00e1kladn\u00ed instituce demokracie mus\u00ed v podm\u00ednk\u00e1ch pandemie i nad\u00e1le plnit svou troj\u00ed \u00falohu, tj. zastupov\u00e1n\u00ed, legislativu a dohled. Shrom\u00e1\u017ed\u011bn\u00ed proto vyz\u00fdv\u00e1 parlamenty, aby tyto pravomoci podle pot\u0159eby uplat\u0148ovaly tak\u00e9 v souvislosti s v\u00fdvojem, p\u0159id\u011blov\u00e1n\u00edm a distribuc\u00ed vakc\u00edn.<\/p>\n<div data-counters='1' data-style='square' data-size='regular' data-url='https:\/\/obcanskymonitoring.cz\/?p=7647' data-title='Dokument: Rozhodnut\u00ed Rady Evropy o z\u00e1kazu povinn\u00e9ho o\u010dkov\u00e1n\u00ed proti covidu-19' class='linksalpha_container linksalpha_app_3'><a href='\/\/www.linksalpha.com\/share?network='facebook' class='linksalpha_icon_facebook'><\/a><a href='\/\/www.linksalpha.com\/share?network='twitter' class='linksalpha_icon_twitter'><\/a><a href='\/\/www.linksalpha.com\/share?network='googleplus' class='linksalpha_icon_googleplus'><\/a><a href='\/\/www.linksalpha.com\/share?network='mail' class='linksalpha_icon_mail'><\/a><\/div><div data-position='' data-url='https:\/\/obcanskymonitoring.cz\/?p=7647' data-title='Dokument: Rozhodnut\u00ed Rady Evropy o z\u00e1kazu povinn\u00e9ho o\u010dkov\u00e1n\u00ed proti covidu-19' class='linksalpha_container linksalpha_app_7'><a href='\/\/www.linksalpha.com\/share?network='facebook' class='linksalpha_icon_facebook'><\/a><a href='\/\/www.linksalpha.com\/share?network='twitter' class='linksalpha_icon_twitter'><\/a><a href='\/\/www.linksalpha.com\/share?network='googleplus' class='linksalpha_icon_googleplus'><\/a><a href='\/\/www.linksalpha.com\/share?network='mail' class='linksalpha_icon_mail'><\/a><\/div>","protected":false},"excerpt":{"rendered":"<p>&nbsp;2,691&nbsp;total views Rada Evropy rozhodla v rezoluci \u010d. 2361 (2021) o z\u00e1kazu povinn\u00e9ho o\u010dkov\u00e1n\u00ed. \u010clensk\u00e9 st\u00e1ty EU (v\u010detn\u011b \u010cR) jsou povinny: zajistit, aby ob\u010dan\u00e9 byli informov\u00e1ni o tom, \u017ee o\u010dkov\u00e1n\u00ed nen\u00ed povinn\u00e9 a \u017ee na nikoho nebude politicky, spole\u010densky ani jinak vyv\u00edjen n\u00e1tlak, aby se nechal o\u010dkovat, pokud si to sami nep\u0159eje zajistit, aby nikdo [&hellip;]<\/p>\n","protected":false},"author":3,"featured_media":0,"comment_status":"open","ping_status":"open","sticky":true,"template":"","format":"standard","meta":[],"categories":[19,7,32,37],"tags":[],"_links":{"self":[{"href":"https:\/\/obcanskymonitoring.cz\/index.php?rest_route=\/wp\/v2\/posts\/7647"}],"collection":[{"href":"https:\/\/obcanskymonitoring.cz\/index.php?rest_route=\/wp\/v2\/posts"}],"about":[{"href":"https:\/\/obcanskymonitoring.cz\/index.php?rest_route=\/wp\/v2\/types\/post"}],"author":[{"embeddable":true,"href":"https:\/\/obcanskymonitoring.cz\/index.php?rest_route=\/wp\/v2\/users\/3"}],"replies":[{"embeddable":true,"href":"https:\/\/obcanskymonitoring.cz\/index.php?rest_route=%2Fwp%2Fv2%2Fcomments&post=7647"}],"version-history":[{"count":2,"href":"https:\/\/obcanskymonitoring.cz\/index.php?rest_route=\/wp\/v2\/posts\/7647\/revisions"}],"predecessor-version":[{"id":7649,"href":"https:\/\/obcanskymonitoring.cz\/index.php?rest_route=\/wp\/v2\/posts\/7647\/revisions\/7649"}],"wp:attachment":[{"href":"https:\/\/obcanskymonitoring.cz\/index.php?rest_route=%2Fwp%2Fv2%2Fmedia&parent=7647"}],"wp:term":[{"taxonomy":"category","embeddable":true,"href":"https:\/\/obcanskymonitoring.cz\/index.php?rest_route=%2Fwp%2Fv2%2Fcategories&post=7647"},{"taxonomy":"post_tag","embeddable":true,"href":"https:\/\/obcanskymonitoring.cz\/index.php?rest_route=%2Fwp%2Fv2%2Ftags&post=7647"}],"curies":[{"name":"wp","href":"https:\/\/api.w.org\/{rel}","templated":true}]}}