{"id":7662,"date":"2021-05-28T06:52:46","date_gmt":"2021-05-28T06:52:46","guid":{"rendered":"http:\/\/obcanskymonitoring.cz\/?p=7662"},"modified":"2021-05-28T06:53:54","modified_gmt":"2021-05-28T06:53:54","slug":"dokument-projev-reinharda-heydricha-2-10-1941","status":"publish","type":"post","link":"https:\/\/obcanskymonitoring.cz\/?p=7662","title":{"rendered":"Dokument: Projev Reinharda Heydricha 2. 10. 1941"},"content":{"rendered":"<div class=\"pvc_clear\"><\/div><p class=\"pvc_stats total_only \" data-element-id=\"7662\" style=\"\"><i class=\"pvc-stats-icon medium\" aria-hidden=\"true\"><svg xmlns=\"http:\/\/www.w3.org\/2000\/svg\" version=\"1.0\" viewBox=\"0 0 502 315\" preserveAspectRatio=\"xMidYMid meet\"><g transform=\"translate(0,332) scale(0.1,-0.1)\" fill=\"\" stroke=\"none\"><path d=\"M2394 3279 l-29 -30 -3 -207 c-2 -182 0 -211 15 -242 39 -76 157 -76 196 0 15 31 17 60 15 243 l-3 209 -33 29 c-26 23 -41 29 -80 29 -41 0 -53 -5 -78 -31z\"\/><path d=\"M3085 3251 c-45 -19 -58 -50 -96 -229 -47 -217 -49 -260 -13 -295 52 -53 146 -42 177 20 16 31 87 366 87 410 0 70 -86 122 -155 94z\"\/><path d=\"M1751 3234 c-13 -9 -29 -31 -37 -50 -12 -29 -10 -49 21 -204 19 -94 39 -189 45 -210 14 -50 54 -80 110 -80 34 0 48 6 76 34 21 21 34 44 34 59 0 14 -18 113 -40 219 -37 178 -43 195 -70 221 -36 32 -101 37 -139 11z\"\/><path d=\"M1163 3073 c-36 -7 -73 -59 -73 -102 0 -56 133 -378 171 -413 34 -32 83 -37 129 -13 70 36 67 87 -16 290 -86 209 -89 214 -129 231 -35 14 -42 15 -82 7z\"\/><path d=\"M3689 3066 c-15 -9 -33 -30 -42 -48 -48 -103 -147 -355 -147 -375 0 -98 131 -148 192 -74 13 15 57 108 97 206 80 196 84 226 37 273 -30 30 -99 39 -137 18z\"\/><path d=\"M583 2784 c-38 -19 -67 -74 -58 -113 9 -42 211 -354 242 -373 16 -10 45 -18 66 -18 51 0 107 52 107 100 0 39 -1 41 -124 234 -80 126 -108 162 -133 173 -41 17 -61 16 -100 -3z\"\/><path d=\"M4250 2784 c-14 -9 -74 -91 -133 -183 -95 -150 -107 -173 -107 -213 0 -55 33 -94 87 -104 67 -13 90 8 211 198 130 202 137 225 78 284 -27 27 -42 34 -72 34 -22 0 -50 -8 -64 -16z\"\/><path d=\"M2275 2693 c-553 -48 -1095 -270 -1585 -649 -135 -104 -459 -423 -483 -476 -23 -49 -22 -139 2 -186 73 -142 361 -457 571 -626 285 -228 642 -407 990 -497 242 -63 336 -73 660 -74 310 0 370 5 595 52 535 111 1045 392 1455 803 122 121 250 273 275 326 19 41 19 137 0 174 -41 79 -309 363 -465 492 -447 370 -946 591 -1479 653 -113 14 -422 18 -536 8z m395 -428 c171 -34 330 -124 456 -258 112 -119 167 -219 211 -378 27 -96 24 -300 -5 -401 -72 -255 -236 -447 -474 -557 -132 -62 -201 -76 -368 -76 -167 0 -236 14 -368 76 -213 98 -373 271 -451 485 -162 444 86 934 547 1084 153 49 292 57 452 25z m909 -232 c222 -123 408 -262 593 -441 76 -74 138 -139 138 -144 0 -16 -233 -242 -330 -319 -155 -123 -309 -223 -461 -299 l-81 -41 32 46 c18 26 49 83 70 128 143 306 141 649 -6 957 -25 52 -61 116 -79 142 l-34 47 45 -20 c26 -10 76 -36 113 -56z m-2057 25 c-40 -58 -105 -190 -130 -263 -110 -324 -59 -707 132 -981 25 -35 42 -64 37 -64 -19 0 -241 119 -326 174 -188 122 -406 314 -532 468 l-58 71 108 103 c185 178 428 349 672 473 66 33 121 60 123 61 2 0 -10 -19 -26 -42z\"\/><path d=\"M2375 1950 c-198 -44 -350 -190 -395 -379 -18 -76 -8 -221 19 -290 114 -284 457 -406 731 -260 98 52 188 154 231 260 27 69 37 214 19 290 -38 163 -166 304 -326 360 -67 23 -215 33 -279 19z\"\/><\/g><\/svg><\/i> &nbsp;1,143&nbsp;total views<\/p><div class=\"pvc_clear\"><\/div>\n<figure class=\"wp-block-image size-large is-resized\"><a href=\"http:\/\/obcanskymonitoring.cz\/wp-content\/uploads\/2021\/05\/Haydrich.jpg\"><img loading=\"lazy\" src=\"http:\/\/obcanskymonitoring.cz\/wp-content\/uploads\/2021\/05\/Haydrich.jpg\" alt=\"\" class=\"wp-image-7664\" width=\"110\" height=\"131\"\/><\/a><\/figure>\n\n\n\n<p><em>M\u00edsto: Praha, \u010cern\u00ednsk\u00fd pal\u00e1c, s\u00eddlo \u0159\u00ed\u0161sk\u00e9ho protektora <\/em><\/p>\n\n\n\n<p>P\u0159\u00edslu\u0161n\u00edci strany, p\u00e1nov\u00e9!<\/p>\n\n\n\n<p>Z rozkazu v\u016fdce jsem p\u0159evzal p\u0159ed t\u0159emi dny veden\u00ed \u00fa\u0159adu \u0159\u00ed\u0161sk\u00e9ho protektora m\u00edsto ochurav\u011bl\u00e9ho \u0159\u00ed\u0161sk\u00e9ho protektora, \u0159\u00ed\u0161sk\u00e9ho ministra von Neuratha.<\/p>\n\n\n<p><!--more--><\/p>\n\n\n<p>T\u011b\u0161\u00ed mne, \u017ee ji\u017e dnes po t\u0159ech dnech, m\u00e1m p\u0159\u00edle\u017eitost pozdravit v\u00e1s, spolupracovn\u00edky protektor\u00e1tn\u00edho \u0161t\u00e1bu protektor\u00e1tn\u00ed vl\u00e1dy, \u00fa\u0159ednick\u00fd sektor, p\u0159edev\u0161\u00edm t\u00e9\u017e p\u0159edstavitele svrchovanosti strany v tomto bojov\u00e9m prostoru \u2013 samoz\u0159ejm\u011b krom\u011b sv\u00fdch u\u017e\u0161\u00edch spolupracovn\u00edk\u016f ve funkci n\u00e1\u010deln\u00edka bezpe\u010dnostn\u00ed policie a SD \u2013 tak\u00e9 v\u00e1s, p\u00e1ni vrchn\u00ed zem\u0161t\u00ed radov\u00e9, kte\u0159\u00ed jste venku nositeli sp\u00e1sy a \u2013 jak douf\u00e1m \u2013 bojov\u00fdch \u00fakol\u016f na poli spr\u00e1vy.<\/p>\n\n\n\n<p>V\u016fdcova sm\u011brnice, kterou jsem obdr\u017eel pro tento \u00fakol, jej\u017e pova\u017euji za omezen\u00fd jak \u010dasov\u011b, tak i v jin\u00e9m sm\u011bru, tato v\u016fdcova sm\u011brnice zn\u00ed: M\u00e1m v tomto prostoru jednozna\u010dn\u011b a se v\u0161\u00ed tvrdost\u00ed zajistit, aby obyvatelstvo, pokud je \u010desk\u00e9 n\u00e1rodnosti, pochopilo, \u017ee se nelze vyh\u00fdbat realit\u011b p\u0159\u00edslu\u0161nosti k \u0159\u00ed\u0161i a poslu\u0161nosti v\u016f\u010di \u0159\u00ed\u0161i; N\u011bmci mus\u00ed vid\u011bt, \u017ee tato \u010d\u00e1st \u0159\u00ed\u0161e je sou\u010d\u00e1st\u00ed \u0159\u00ed\u0161e a \u017ee zde na jedn\u00e9 stran\u011b po\u017e\u00edv\u00e1 N\u011bmec ochrany a hraje v\u016fd\u010d\u00ed \u00falohu \u2013 m\u00e1 ji hr\u00e1t, jak mu p\u0159\u00edslu\u0161\u00ed \u2013 ale \u017ee m\u00e1 i tomuto pr\u00e1vu odpov\u00eddaj\u00edc\u00ed povinnost chovat se a jednat jako N\u011bmec.<\/p>\n\n\n\n<p>V politick\u00e9m sm\u011bru znamen\u00e1 to, co mi \u0159ekl v\u016fdce, uzn\u00e1n\u00ed linie, kterou zde a\u017e dosud ud\u00e1val z politick\u00e9ho hlediska st\u00e1tn\u00ed tajemn\u00edk Frank. Znamen\u00e1 to sou\u010dasn\u011b samoz\u0159ejm\u00fd, lidsk\u00fd, re\u00e1ln\u00fd a p\u0159\u00e1telsk\u00fd p\u0159edpoklad pro spolupr\u00e1ci mezi kamar\u00e1dem Frankem a mnou.<\/p>\n\n\n\n<p>Je\u0161t\u011b kr\u00e1tce \u00favodem, p\u00e1nov\u00e9! Vy ve mn\u011b vid\u00edte v\u0161eobecn\u011b n\u00e1\u010deln\u00edka bezpe\u010dnostn\u00ed policie a SD. Vid\u00edte ve mn\u011b \u2013 v ka\u017ed\u00e9m p\u0159\u00edpad\u011b jsem si zvykl, \u017ee tomu tak ve spr\u00e1v\u011b je \u2013 mu\u017ee exekutivy, jen\u017e hled\u00ed podle mo\u017enost\u00ed vy\u0159e\u0161it v\u0161echno jen exekutivn\u011b. Tento n\u00e1zor je chybn\u00fd a fale\u0161n\u00fd a j\u00e1 bych cht\u011bl, d\u0159\u00edve ne\u017e v\u00e1m \u0159eknu n\u011bco o probl\u00e9mech tohoto prostoru, aby bylo i zde, jako \u010dasto u\u017e jinde, jednozna\u010dn\u011b jasno o pojet\u00ed, podle n\u011bho\u017e se ch\u00e1pu sv\u00fdch \u00fakol\u016f jako n\u00e1\u010deln\u00edk bezpe\u010dnostn\u00ed policie, jako SSmann a spolupracovn\u00edk \u0159\u00ed\u0161sk\u00e9ho v\u016fdce SS, jako nacion\u00e1ln\u00ed socialista.<\/p>\n\n\n\n<p>SS (SD a bezpe\u010dnostn\u00ed policie jsou sou\u010d\u00e1st\u00ed SS) jsou \u00fadern\u00fdm odd\u00edlem strany ve v\u0161ech ot\u00e1zk\u00e1ch zaji\u0161\u0165ov\u00e1n\u00ed nacion\u00e1ln\u011b socialistick\u00e9 ideje. B\u00fdt \u00fadern\u00fdm odd\u00edlem znamen\u00e1 b\u00fdt v\u017edy p\u0159ed masou, b\u00fdt zvl\u00e1\u0161\u0165 dob\u0159e vyzbrojen, b\u00fdt schopn\u00fd nasazen\u00ed a rozum\u011bt boji. \u00dadern\u00fd odd\u00edl v\u0161ak tak\u00e9 ned\u011bl\u00e1 nic, co by se d\u00e1lo bez v\u016fle a bez pl\u00e1nu cel\u00e9ho veden\u00ed. P\u0159edpokladem \u00fakolu zajistit ideu v\u0161ak nen\u00ed a nem\u016f\u017ee b\u00fdt jen snaha vid\u011bt v\u011bci pouze po vn\u011bj\u0161\u00ed, v\u00fdkonn\u00e9 str\u00e1nce a plnit \u00fakoly a rozkazy je vniknout hloub\u011bji do probl\u00e9m\u016f, vmyslet se do nich a jednat se znalost\u00ed v\u011bci, ned\u00edvat se na n\u011b jen povrchn\u011b, ale hluboce se jimi ob\u00edrat a pochopit je. Tak jedn\u00e1me jako v\u00fdkonn\u00e9 org\u00e1ny, jsouce si v\u011bdomi posl\u00e1n\u00ed v\u016fdce i \u0159\u00ed\u0161e, onoho posl\u00e1n\u00ed, je\u017e vede p\u0159es velkon\u011bmeckou \u0159\u00ed\u0161i k \u0159\u00ed\u0161i velkogerm\u00e1nsk\u00e9. V\u016fdce mi p\u0159i odchodu \u0159ekl: M\u011bjte na pam\u011bti, \u017ee v\u017edy tam, kde vid\u00edm, \u017ee je ohro\u017eena jednota \u0159\u00ed\u0161e, vyberu jednoho velitele SS a vy\u0161lu ho z pov\u011b\u0159en\u00ed \u0159\u00ed\u0161e, aby zachoval jednotu \u0159\u00ed\u0161e. M\u016f\u017eete si tak z t\u011bchto v\u016fdcov\u00fdch slov odvodit celkov\u00e9 posl\u00e1n\u00ed SS, a t\u00edm i m\u00e9 zvl\u00e1\u0161tn\u00ed posl\u00e1n\u00ed zde.<\/p>\n\n\n\n<p>\u0158\u00edk\u00e1m p\u0159edem: Nem\u00e1m v \u00famyslu lp\u011bt nyn\u00ed na sv\u00e9m m\u00edst\u011b na jednom \u00fakolu proto, \u017ee je p\u011bkn\u00fd a souvis\u00ed s n\u00edm reprezentace, n\u00fdbr\u017e ch\u00e1pu sv\u016fj \u00fakol zde jako bojov\u00fd \u00fakol, kter\u00fd m\u00e1m splnit v zastoupen\u00ed jin\u00e9ho, abychom mohl, a\u017e jej spln\u00edm, ohl\u00e1sit v\u016fdci: &#8220;M\u016fj v\u016fd\u010de, splnil jsem jej. Nyn\u00ed se mohu op\u011bt v\u011bnovat sv\u00e9mu hlavn\u00edmu posl\u00e1n\u00ed.&#8221; Nezn\u00e1m v\u0161ak dosud dobu, je\u017e je mi vymezena; budou-li to t\u00fddny \u010di m\u011bs\u00edce, to z\u00e1vis\u00ed na vy\u0159e\u0161en\u00ed, na probl\u00e9mech tohoto \u00fakolu, to z\u00e1vis\u00ed na rozkazu v\u016fdce.<\/p>\n\n\n\n<p>Hovo\u0159il jsem o \u00fakolech SS jako celku. Mohl bych je shrnout do hesla: &#8220;Nep\u0159\u00edtel v\u0161ech nep\u0159\u00e1tel a ochr\u00e1nce v\u0161eho n\u011bmeck\u00e9ho&#8221;, a to m\u00e1 platit zejm\u00e9na pro tento prostor. \u00dakol &#8220;nep\u0159\u00edtel v\u0161ech nep\u0159\u00e1tel&#8221; obsahuje hlavn\u00ed sm\u011brnici pro na\u0161e policejn\u00ed a zaji\u0161\u0165ovac\u00ed \u00fakoly, nejen v u\u017e\u0161\u00edm, ale i v \u0161ir\u0161\u00edm smyslu slova. Nevid\u00edm v tom jen \u00fakol zat\u00fdkat a p\u0159ed\u00e1vat k odsouzen\u00ed a dohl\u00ed\u017eet, ale ch\u00e1pu to jako systematick\u00e9 zkoum\u00e1n\u00ed nep\u0159\u00e1telsk\u00fdch vliv\u016f, ale i vlastn\u00edch chyb v jednotliv\u00fdch oblastech \u017eivota.<\/p>\n\n\n\n<p>Druh\u00e1 str\u00e1nka tohoto \u00fakolu, &#8220;ochr\u00e1nce v\u0161eho n\u011bmeck\u00e9ho&#8221;, m\u00e1 sv\u00e9 zd\u016fvodn\u011bn\u00ed ji\u017e ve vn\u011bj\u0161\u00ed formulaci skute\u010dnosti, \u017ee v\u016fdce ustanovil \u0159\u00ed\u0161sk\u00e9ho v\u016fdce SS \u0159\u00ed\u0161sk\u00fdm komisa\u0159em pro upevn\u011bn\u00ed n\u011bmectv\u00ed. A kdy\u017e jsem nyn\u00ed p\u0159evzal tento \u00fakol zde, v protektor\u00e1tu, jsou oba tyto pil\u00ed\u0159e koneckonc\u016f t\u00e9\u017e z\u00e1klady m\u00e9 n\u00e1pln\u011b \u00fakol\u016f: odrazit a potla\u010dit v\u0161e nep\u0159\u00e1telsk\u00e9 a zajistit, av\u0161ak i pl\u00e1novat pro budoucnost, v\u0161echny v\u011bci, kter\u00e9 jsou dobr\u00e9 pro n\u011bmectv\u00ed a nutn\u00e9 pro budoucnost.<\/p>\n\n\n\n<p>Nechte mne nyn\u00ed trochu se rozm\u00e1chnout, abych pr\u00e1v\u011b celkov\u00e9 probl\u00e9my tak\u00e9 tohoto prostoru postavil do v\u0161eobecn\u00e9 souvislosti, abychom nebyli jako klapkami na o\u010d\u00edch omezeni jen protektor\u00e1tn\u00edmi hranicemi.<\/p>\n\n\n\n<p>P\u0159edpokladem pro v\u00e1lku, pro spln\u011bn\u00ed t\u00e9to v\u00e1lky, pro obsazen\u00ed nutn\u00fdch prostor\u016f a pro formov\u00e1n\u00ed a utv\u00e1\u0159en\u00ed velkon\u011bmeck\u00e9 a velkogerm\u00e1nsk\u00e9 \u0159\u00ed\u0161e bylo vnitropolitick\u00e9 zabezpe\u010den\u00ed \u0159\u00ed\u0161e. Z toho p\u0159edev\u0161\u00edm vypl\u00fdv\u00e1 a zde tak\u00e9 za\u010dal p\u016fvodn\u00ed v\u00fdvoj \u00fakol\u016f SS a policie \u2013 krom\u011b toho bylo na\u0161\u00edm \u00fakolem pl\u00e1novat podle osobn\u00edch p\u0159\u00edkaz\u016f a sm\u011brnic v\u016fdce v tehdej\u0161\u00ed cizin\u011b v\u00fdzkumnou a pr\u016fzkumnou metodou v\u0161echno to, co se b\u011bhem v\u00fdvoje mohlo st\u00e1t p\u0159edpokladem pro mnoh\u00e9 politick\u00e9, ale i vojensk\u00e9 \u00fasp\u011bchy a ud\u00e1losti. K tomu pak p\u0159istupovala n\u00e1sledkem politick\u00e9ho v\u00fdvoje v evropsk\u00e9m prostoru nutnost a \u00fakol zam\u011b\u0159it se na n\u00e1vrat N\u011bmc\u016f, \u0159\u00eddit n\u00e1vrat ob\u010dan\u016f n\u011bmeck\u00e9 n\u00e1rodnosti z prostor\u016f, kter\u00e9 jsou dnes na v\u00fdchod\u011b obsazeny na\u0161imi jednotkami, t\u011bch ob\u010dan\u016f n\u011bmeck\u00e9 n\u00e1rodnosti, kter\u00fdm by se bylo ur\u010dit\u011b stalo tot\u00e9\u017e, co se dnes d\u011bje ob\u010dan\u016fm n\u011bmeck\u00e9 n\u00e1rodnosti na Volze, kdyby v\u016fdce nebyl rozk\u00e1zal a dos\u00e1hl nanejv\u00fd\u0161 nal\u00e9hav\u00e9ho p\u0159eveden\u00ed tohoto p\u016fl milionu ob\u010dan\u016f n\u011bmeck\u00e9 n\u00e1rodnosti. A te\u010f k samotn\u00e9 v\u00e1lce.<\/p>\n\n\n\n<p>Mus\u00ed n\u00e1m b\u00fdt jasno, \u017ee v\u0161echny ud\u00e1losti posledn\u00edch let, v\u0161echny vojensk\u00e9 a politick\u00e9 ot\u00e1zky, maj\u00ed \u00fa\u017easnou organickou souvislost. Mus\u00edme m\u00edt tak\u00e9 jasno v tom, \u017ee p\u0159edpoklady t\u00e9to v\u00e1lky a jej\u00ed n\u00e1sledky vy\u017eaduj\u00ed \u2013 p\u0159i naprosto tvrd\u00e9m veden\u00ed t\u00e9to v\u00e1lky a\u017e do konce \u2013 aby se zachovala a d\u00e1le vytv\u00e1\u0159ela tato \u0159\u00ed\u0161e a aby byla dovedena k velikosti. Nebo\u0165 v\u0161echny politick\u00e9 mezihry, a\u0165 diplomatick\u00e9, zahrani\u010dn\u011b politick\u00e9 \u010di jin\u00e9 povahy, byly jen p\u0159\u00edpravnou prac\u00ed velk\u00fdch, jasn\u00fdch v\u011bc\u00ed, toti\u017e t\u011bch, \u017ee nep\u0159\u00e1tel\u00e9 \u0159\u00ed\u0161e, vedeni \u017eidy a svobodn\u00fdmi zedn\u00e1\u0159i, si koneckonc\u016f kladli za c\u00edl, \u017ee toto N\u011bmecko, sna\u017e\u00edc\u00ed se o vzestup sv\u00fdm vnit\u0159n\u00edm ideov\u00fdm veden\u00edm nacion\u00e1ln\u00edho socialismu, \u017ee toto N\u011bmecko je nebezpe\u010d\u00edm pro sv\u011btov\u00e9 pl\u00e1ny \u017eidovstva cel\u00e9ho sv\u011bta. \u017de proto bylo ud\u011bl\u00e1no v\u0161e, aby se N\u011bmecko stalo mal\u00fdm a aby je zni\u010dili. To proto, \u017ee poznali, \u017ee v d\u011bjin\u00e1ch N\u011bmeck\u00e9 \u0159\u00ed\u0161e v\u017edy, kdy\u017e u\u017e \u017eid v\u011b\u0159\u00ed, \u017ee n\u00e1s m\u00e1 na zemi, povstal odn\u011bkud z n\u011bmeck\u00e9ho prostoru, z n\u011bmeck\u00fdch lid\u00ed, n\u011bkdo, jen\u017e dal dohromady N\u011bmce nesl\u00fdchanou ideovou silou a svou osobnost\u00ed, stmelil je v jednotu a potom je vedl k velikosti a p\u0159ekon\u00e1n\u00ed nebezpe\u010d\u00ed a vid\u011bl, \u017ee jen tehdy mohl b\u00fdt n\u011bmeck\u00fd v\u00fdvoj ru\u0161en a brzd\u011bn, jestli\u017ee mohla p\u0159ij\u00edt r\u00e1na d\u00fdkou z n\u011bmeck\u00e9ho prostoru.<\/p>\n\n\n\n<p>Nyn\u00ed jsme v Evrop\u011b obsadili pod v\u016fdcov\u00fdm veden\u00edm velmi mnoho prostoru, co\u017e je vojensk\u00fdm p\u0159edpokladem pro dal\u0161\u00ed veden\u00ed v\u00e1lky a jej\u00ed v\u00edt\u011bzn\u00e9 ukon\u010den\u00ed. Mus\u00edme si \u0159\u00edci jasn\u011b, \u017ee obsazen\u00ed tohoto prostoru v ka\u017ed\u00e9m p\u0159\u00edpad\u011b nebude v mnoha zem\u00edch p\u0159echodn\u00fdm, n\u00fdbr\u017e kone\u010dn\u00fdm obsazen\u00edm, p\u0159i\u010dem\u017e je lhostejno, jak\u00e1 bude forma kontaktu t\u011bchto prostor\u016f s n\u00e1mi. To v\u0161ak znamen\u00e1, \u017ee budoucnost \u0159\u00ed\u0161e z\u00e1vis\u00ed na ukon\u010den\u00ed v\u00e1lky, na schopnosti \u0159\u00ed\u0161e a na schopnosti lid\u00ed t\u00e9to \u0159\u00ed\u0161e z\u00edskan\u00e9 prostory udr\u017eet, ovl\u00e1dnout a pop\u0159\u00edpad\u011b s \u0159\u00ed\u0161\u00ed spojit.<\/p>\n\n\n\n<p>Z\u00e1vis\u00ed tedy na zp\u016fsobu, jak jsme schopni s lidmi zach\u00e1zet, v\u00e9st je a spojit s n\u00e1mi. Mus\u00edme zde v\u0161ak rozli\u0161ovat velk\u00e9 skupiny, jednu skupinu tvo\u0159\u00ed prostory s germ\u00e1nsk\u00fdmi lidmi, to je s lidmi, kte\u0159\u00ed jsou na\u0161\u00ed krve, a proto jsou vlastn\u011b na\u0161eho charakteru. To jsou ti, kte\u0159\u00ed \u0161patn\u00fdm politick\u00fdm veden\u00edm a vlivem \u017eidovstva jsou n\u011bjak pok\u0159iveni, kte\u0159\u00ed teprve pomalu mus\u00ed b\u00fdt dovedeni k z\u00e1kladn\u00edm prvk\u016fm sou\u010dasn\u00e9ho my\u0161len\u00ed. Jak to vid\u00edm, jsou to tyto prostory: Norsko, Holandsko, Flandry, pozd\u011bji i D\u00e1nsko a \u0160v\u00e9dsko. Jsou to ty prostory, je\u017e jsou os\u00eddleny Germ\u00e1ny a kter\u00e9 n\u011bjak\u00fdm zp\u016fsobem, a mus\u00edme si zde ud\u011blat jasno, zda v konfederaci, jako \u017eupa \u010di n\u011bjak jinak, budou pat\u0159it k n\u00e1m.<\/p>\n\n\n\n<p>Je jasn\u00e9, \u017ee mus\u00edme nal\u00e9zt v\u016f\u010di t\u011bmto lidem docela jin\u00fd zp\u016fsob jedn\u00e1n\u00ed ne\u017e v\u016f\u010di n\u00e1rod\u016fm jin\u00e9 rasy, slovansk\u00fdm \u010di podobn\u00fdm n\u00e1rod\u016fm. Germ\u00e1na se mus\u00edme chopit tvrd\u011b, spravedliv\u011b, ale mus\u00edme jej v\u00e9st lidsky, podobn\u011b jako vedeme n\u00e1\u0161 n\u00e1rod, jestli\u017ee ho chceme udr\u017eet natrvalo v \u0159\u00ed\u0161i a chceme-li, aby s n\u00ed splynul.<\/p>\n\n\n\n<p>Druhou skupinou jsou v\u00fdchodn\u00ed prostory, je\u017e jsou z\u010d\u00e1sti os\u00eddleny Slovany, to jsou prostory, kde je t\u0159eba v\u011bd\u011bt, \u017ee dobrota bude ch\u00e1p\u00e1na jen jako slabost, to jsou prostory, kde s\u00e1m Slovan v\u016fbec nechce, aby se s n\u00edm zach\u00e1zelo jako s \u010dlov\u011bkem rovnopr\u00e1vn\u00fdm, a je zvykl\u00fd, \u017ee p\u00e1n si s n\u00edm nezad\u00e1v\u00e1. To jsou teda prostory, kter\u00e9 m\u00e1me nyn\u00ed na v\u00fdchod\u011b v\u00e9st a udr\u017eet. Jsou to prostory, v nich\u017e mus\u00ed jednou vl\u00e1dnout n\u011bmeck\u00e1 horn\u00ed vrstva, po dal\u0161\u00edm vojensk\u00e9m v\u00fdvoji budou sahat a\u017e hluboko do Ruska, a\u017e daleko k Uralu; tyto prostory mus\u00ed b\u00fdt na\u0161\u00ed surovinovou z\u00e1kladnou, jejich obyvatel\u00e9 se stanou pracovn\u00edky pro velk\u00e9, i kulturn\u00ed, \u00fakoly, a m\u00e1m-li to \u0159\u00edci docela drasticky, mus\u00ed n\u00e1m slou\u017eit jako otroci.<\/p>\n\n\n\n<p>Jsou to prostory, s nimi\u017e budeme vlastn\u011b nakl\u00e1dat, jako kdy\u017e se obep\u00edn\u00e1 nov\u00e1 zem\u011b na pob\u0159e\u017e\u00ed hr\u00e1z\u00ed, t\u00edm zp\u016fsobem, \u017ee se tam na v\u00fdchod\u011b vybuduje ohromn\u00fd val z brann\u00fdch roln\u00edk\u016f, aby se toto \u00fazem\u00ed u\u017e jednou uzav\u0159elo proti bou\u0159liv\u00e9mu p\u0159\u00edvalu z Asie, pak bychom je rozd\u011blili p\u0159\u00ed\u010dn\u00fdmi valy, tuto p\u016fdu bychom postupn\u011b pro sebe z\u00edsk\u00e1vali t\u00edm, \u017ee na okraji vlastn\u00edho N\u011bmecka, je\u017e je os\u00eddleno n\u011bmeckou krv\u00ed, se pomalu bude vysouvat v\u017edy jeden n\u011bmeck\u00fd val za druh\u00fdm, abychom tak postupovali s n\u011bmeck\u00fdm os\u00eddlov\u00e1n\u00edm na v\u00fdchod prost\u0159ednictv\u00edm n\u011bmeck\u00fdch lid\u00ed, kte\u0159\u00ed jsou n\u011bmeck\u00e9 krve.<\/p>\n\n\n\n<p>Z tohoto hlediska je t\u0159eba vid\u011bt v\u0161echny \u00fakoly na v\u00fdchod\u011b, kter\u00e9 tam mus\u00edme splnit. Prvn\u00ed val, o protektor\u00e1tn\u00edm \u00fazem\u00ed budu mluvit a\u017e potom, tvo\u0159\u00ed na v\u00fdchod\u011b ob\u011b provincie Gdansk \u2013 z\u00e1padn\u00ed Prusko a \u017eupa Warta, kter\u00e9 spolu s v\u00fdchodn\u00edm Pruskem a slezsk\u00fdmi \u010d\u00e1stmi je\u0161t\u011b asi p\u0159ed rokem byly vcelku pln\u011b os\u00eddleny t\u00e9m\u011b\u0159 8 miliony Pol\u00e1k\u016f; to jsou prostory, kter\u00e9 se nyn\u00ed mus\u00ed os\u00eddlovat zcela systematicky N\u011bmci, aby se polsk\u00fd \u017eivel kousek po kousku, krok za krokem vytla\u010dil. Jsou to prostory, je\u017e mus\u00ed b\u00fdt jednou cel\u00e9 os\u00eddleny N\u011bmci. Pak st\u00e1le d\u00e1l na v\u00fdchod, k Baltu, jen\u017e jednou bude muset b\u00fdt os\u00eddlen jen N\u011bmci, p\u0159i\u010dem\u017e mus\u00edme uv\u00e1\u017eit, kter\u00e9 pokrevn\u00ed \u010d\u00e1sti Loty\u0161\u016f, Estonc\u016f a Litevc\u016f jsou schopny regermanizace \u010di germanizace. Rasov\u011b nejlep\u0161\u00ed \u017eivly jsou Estonci, na nich\u017e jsou patrny \u0161v\u00e9dsk\u00e9 vlivy, pak p\u0159ich\u00e1zej\u00ed Loty\u0161i a nejhor\u0161\u00ed jsou Litevci.<\/p>\n\n\n\n<p>D\u00e1le se jedn\u00e1 o velkopolsk\u00fd prostor, jen\u017e je nejbli\u017e\u0161\u00ed oblast\u00ed, kter\u00e1 se mus\u00ed zcela pozvolna os\u00eddlit N\u011bmci a z kter\u00e9 se polsk\u00fd \u017eivel mus\u00ed postupn\u011b zatla\u010dit na v\u00fdchod. Pak p\u0159ijde Ukrajina, je\u017e m\u00e1 t\u00e9\u017e \u017e\u00edt p\u0159edev\u0161\u00edm pod n\u011bmeck\u00fdm velen\u00edm jako velk\u00e1 surovinov\u00e1 a vy\u017eivovac\u00ed z\u00e1kladna, kdy\u017e nejprve jist\u00fdm p\u0159echodn\u00fdm \u0159e\u0161en\u00edm bude postupn\u011b vylou\u010dena z velkorusk\u00e9ho prostoru s t\u00edm, \u017ee se pou\u017eije a vyu\u017eije jist\u00fdch, v podv\u011bdom\u00ed je\u0161t\u011b d\u0159\u00edmaj\u00edc\u00edch, vlastn\u00edch n\u00e1rodn\u00edch my\u0161lenek, ani\u017e d\u00e1me tomuto n\u00e1rodu kulturn\u00ed posilu \u010di oporu, ani\u017e bychom tam cht\u011bli vyp\u011bstovat silnou inteligenci, aby tak nevznikla v pozd\u011bj\u0161\u00edch dob\u00e1ch n\u011bjak\u00e1 opozice. Takov\u00e1 inteligence by se pod slab\u00fdm veden\u00edm mohla po l\u00e9tech op\u011bt cht\u00edt odpoutat.<\/p>\n\n\n\n<p>Vcelku vzato plat\u00ed tedy zde v prostorech na v\u00fdchod\u011b star\u00fd koloniza\u010dn\u00ed princip, jen\u017e v\u0161ak v protikladu k d\u0159\u00edv\u011bj\u0161\u00ed kolonizaci \u0159\u00e1dov\u00fdch ryt\u00ed\u0159\u016f a baltsk\u00fdch baron\u016f sleduje tu my\u0161lenku, \u017ee jej\u00edmi nositeli jsme my, na\u0161e krev, a \u017ee se na v\u00fdchod\u011b probouz\u00ed star\u00e1 idea, idea \u0159\u00e1dov\u00fdch ryt\u00ed\u0159\u016f, jako stupe\u0148 k opanov\u00e1n\u00ed prostoru, kter\u00fd nem\u016f\u017eeme \u00fapln\u011b os\u00eddlit. A nyn\u00ed, kdy\u017e m\u00e1te p\u0159ed sebou celkov\u00fd obraz, mus\u00ed v\u00e1m b\u00fdt jasn\u00e9, \u017ee se \u010deskomoravsk\u00fd prostor natrvalo nesm\u00ed nikdy ponechat v takov\u00e9m stavu, kter\u00fd by v\u016fbec umo\u017e\u0148oval \u010cech\u016fm tvrdit, \u017ee to je jejich prostor. Zde jde pouze o jedno, a to, \u017ee si nejd\u0159\u00edve p\u0159ipomeneme, co je \u017eivotn\u011b d\u016fle\u017eit\u00e9 a p\u0159ednostn\u00ed, jak\u00e9 m\u00e1 tento prostor historick\u00e9 z\u00e1klady, \u017ee se rozhodneme, co tu vlastn\u011b jednou ud\u011bl\u00e1me. Z \u010deho vyrostl tento prostor. Odkud jsou lid\u00e9, kam pat\u0159\u00ed atd.<\/p>\n\n\n\n<p>Cht\u011bl bych se je\u0161t\u011b dotknout jedn\u00e9 v\u011bci, douf\u00e1m, \u017ee to nebude pro v\u00e1s nic nov\u00e9ho, ale p\u0159ece jen bych to cht\u011bl na\u010drtnout. Mus\u00ed v\u00e1m b\u00fdt jasn\u00e9, \u017ee v n\u011bmeck\u00fdch d\u011bjin\u00e1ch byly \u010cechy a Morava srdcem \u0159\u00ed\u0161e, srdcem, je\u017e bylo v p\u0159\u00edzniv\u00fdch dob\u00e1ch v\u017edy pevnost\u00ed n\u011bmectv\u00ed, \u017ee v dob\u00e1ch kolonizace byly str\u00e1\u017e\u00ed proti v\u00fdchodu, \u017ee koneckonc\u016f \u2013 jak to dokumentuje i v\u00fdvoj na kulturn\u00edm poli \u2013 b\u00fdvaly v dobr\u00fdch dob\u00e1ch v\u017edy pevnost\u00ed, a jak to \u0159ekl Bismarck, &#8220;citadelou Evropy&#8221;. To je od\u016fvodn\u011bno i t\u00edm, \u017ee prvn\u00ed \u0159\u00ed\u0161sk\u00e1 univerzita p\u0159ed Krakovem a p\u0159ed V\u00eddn\u00ed byla zalo\u017eena zde v Praze.<\/p>\n\n\n\n<p>Kdy\u017e se na to nyn\u00ed pod\u00edv\u00e1te pozorn\u011bji, bude v\u00e1m bezesporu naprosto jasn\u00e9, jakou osudovou dynamiku m\u00e1 tento prostor pro N\u011bmecko a n\u011bmeck\u00e9 d\u011bjiny. V l\u00e9tech n\u011bmeck\u00fdch d\u011bjin, je\u017e chceme nyn\u00ed trochu probrat, p\u0159ich\u00e1zely r\u00e1ny d\u00fdkou ohro\u017euj\u00edc\u00ed \u0159\u00ed\u0161i v\u011bt\u0161inou z tohoto prostoru. Tedy pr\u00e1v\u011b v tom okam\u017eiku, kdy \u0159\u00ed\u0161e v\u00edt\u011bz\u00ed, v tomto okam\u017eiku je mo\u017en\u00e9, aby se tady zasazovala r\u00e1na d\u00fdkou d\u011bjin\u00e1m a v\u00fdvoji \u0159\u00ed\u0161e; a\u0165 to je t\u0159eba \u2013 a\u0165 u\u017e l\u00ed\u010d\u00edm kteroukoli etapu n\u011bmectv\u00ed \u2013 a\u0165 u\u017e to je t\u0159eba Marbod (Marobud) z \u010cech, kter\u00fd postupoval proti Arminovi z kmene Cherusk\u016f, a\u0165 to jsou slovan\u0161t\u00ed v\u011brozv\u011bstov\u00e9 Cyril a Metod\u011bj, kte\u0159\u00ed cht\u011bli odtrhnout tento prostor pod pl\u00e1\u0161t\u00edkem n\u00e1bo\u017eensk\u00fdch c\u00edrkevn\u00edch my\u0161lenek v\u00fdchodn\u00edch c\u00edrkv\u00ed a c\u00edrkevn\u00ed cestou jej p\u0159iv\u00e9st k byzantsk\u00e9 my\u0161lence, a\u0165 ji\u017e to byly vn\u011bj\u0161\u00ed po\u010d\u00e1tky t\u0159icetilet\u00e9 v\u00e1lky s pra\u017eskou defenestrac\u00ed nebo a\u0165 je to v sou\u010dasn\u00e9 dob\u011b pokus ohrozit \u0159\u00ed\u0161i ileg\u00e1ln\u00edm hnut\u00edm odporu a vpadnout tak \u0159\u00ed\u0161i do zad v jej\u00edm rozhodn\u00e9m osudov\u00e9m boji proti bol\u0161evismu.<\/p>\n\n\n\n<p>P\u00e1nov\u00e9! To v\u0161e jsou v\u011bci, kter\u00e9 maj\u00ed zcela jasn\u00fd logick\u00fd sled t\u00fdch\u017e my\u0161lenek a ud\u00e1lost\u00ed, to jsou stejn\u00e9 r\u00e1ny d\u00fdkou z tohoto prostoru.<\/p>\n\n\n\n<p>Av\u0161ak stejn\u011b tomu bylo i opa\u010dn\u011b, v\u017edy kdy\u017e veden\u00ed \u0159\u00ed\u0161e poznalo, \u017ee tento prostor je rozhoduj\u00edc\u00ed, \u017ee \u010cechy a Morava maj\u00ed z\u00e1rove\u0148 \u00fa\u010dast, osudov\u00fd, rozhoduj\u00edc\u00ed pod\u00edl na pozitivn\u00edm pl\u00e1nov\u00e1n\u00ed d\u011bjin. Zn\u00e1me jm\u00e9na, kter\u00e1 zas\u00e1hla do kolonizace v\u00fdchodu. A\u0165 je to kr\u00e1l Otakar, kter\u00fd nakonec p\u0159i kolonizaci v\u00fdchodu dosp\u011bl jako \u00fadern\u00fd odd\u00edl proti v\u00fdchodu a\u017e ke Kr\u00e1lovci a toto m\u011bsto zalo\u017eil, a\u0165 je to doba Karla IV. nebo boje Bed\u0159icha Velik\u00e9ho, bitva u Hradce Kr\u00e1lov\u00e9 nebo i dnes nekone\u010dn\u00e1, d\u011bjinn\u00e1 a osudov\u011b rozhodn\u00e1 v\u016fdcovsk\u00e1 s\u00edla Adolfa Hitlera, jen\u017e te\u010f ve dvou etap\u00e1ch definitivn\u011b z\u00edsk\u00e1v\u00e1 tento prostor, kdy\u017e z n\u011bho, z nep\u0159\u00e1telsk\u00e9 z\u00e1kladny, d\u011bl\u00e1 pevnost pro na\u0161e nasazen\u00ed a na\u0161e boje proti bol\u0161evick\u00e9mu nep\u0159\u00edteli.<\/p>\n\n\n\n<p>A te\u010f k sou\u010dasn\u00e9 situaci. \u0158ekl jsem, \u017ee dnes rozhodn\u011b v\u00fdvoj sp\u011bje k nov\u00e9 r\u00e1n\u011b d\u00fdkou. V posledn\u00edch t\u00fddnech pro\u017e\u00edv\u00e1me v\u00fdvoj, charakterizovan\u00fd sabot\u00e1\u017eemi, teroristick\u00fdmi skupinami, ni\u010den\u00edm \u00farody, zpomalov\u00e1n\u00edm pr\u00e1ce, co\u017e zcela jasn\u011b organizuje velk\u00e1 odbojov\u00e1 organizace. Tento v\u00fdvoj, i kdy\u017e nevede k aktivn\u00edmu povst\u00e1n\u00ed, p\u0159ece jen zcela systematicky p\u0159ipravuje v\u0161echno, co m\u00e1 b\u00fdt p\u0159ipraveno pro okam\u017eik, a\u017e p\u0159ijde \u010das uvrhnout toto \u00fazem\u00ed ke \u0161kod\u011b \u0159\u00ed\u0161e do nebezpe\u010dn\u00e9ho neklidu. I kdyby to bylo jen to, \u017ee nep\u0159\u00edtel vede a chce \u010desk\u00e9 obyvatelstvo v\u00e9st ke vzpou\u0159e, chce, abychom utrp\u011bli citelnou ztr\u00e1tu, \u017ee jde o pracovn\u00ed v\u00fdkon ve zbrojn\u00edm pr\u016fmyslu a citeln\u00fd neklid, co\u017e nakonec m\u016f\u017ee b\u00fdt vzorem pro ostatn\u00ed obsazen\u00e1 \u00fazem\u00ed.<\/p>\n\n\n\n<p>Stav v posledn\u00edch t\u00fddnech byl takov\u00fd, \u017ee se u\u017e dalo \u0159\u00edci, \u017ee jednota \u0159\u00ed\u0161e byla jednozna\u010dn\u011b ohro\u017eena, tento prostor pod povrchem tak v\u0159el, \u017ee se jedin\u011b d\u00e1 \u0159\u00edci, tady se mus\u00ed v\u010das zas\u00e1hnout. A cht\u011bl bych \u0159\u00edci zcela otev\u0159en\u011b, \u017ee vinu nenese jen protivn\u00edk, vinu m\u00e1me tak\u00e9 my, N\u011bmci, nebo\u0165 v tomto prostoru ne v\u0161ichni N\u011bmci, kte\u0159\u00ed sem p\u0159i\u0161li, si uv\u011bdomili, \u017ee to je bojov\u00e1 oblast, bojov\u00fd prostor, kde ka\u017ed\u00fd jednotliv\u00fd N\u011bmec, bez ohledu na kompetenci, mus\u00ed t\u00e9\u017e jako bojovn\u00edk pro n\u011bmectv\u00ed zv\u00edt\u011bzit.<\/p>\n\n\n\n<p>Ka\u017ed\u00fd N\u011bmec, jen\u017e zde vynik\u00e1, mus\u00ed se c\u00edtit politick\u00fdm voj\u00e1kem v\u016fdce, mus\u00ed vid\u011bt zcela jasn\u011b z\u00e1kladn\u00ed linii v tomto prostoru, mus\u00ed v\u011bd\u011bt, \u017ee z\u00e1kladn\u00ed lini\u00ed je zaji\u0161t\u011bn\u00ed tohoto prostoru, boj proti ve\u0161ker\u00e9 \u010desk\u00e9 samostatnosti, a mus\u00ed p\u0159i zach\u00e1zen\u00ed s jednotlivci ch\u00e1pat, \u017ee \u010cech je Slovan a \u017ee tak\u00e9 \u010cech si vykl\u00e1d\u00e1 ka\u017edou m\u011bkkost jako slabost. \u017de je to \u0161\u00edlenstv\u00ed povolit v jednotliv\u00fdch p\u0159\u00edpadech, proto\u017ee ten druh\u00fd to neuzn\u00e1, ihned toho vyu\u017eije a vylo\u017e\u00ed si to jako slabost; jakmile se mu povol\u00ed, p\u0159ijde podruh\u00e9 s v\u011bt\u0161\u00edm po\u017eadavkem. Na v\u00edc je v\u0161ak v tomto prostoru t\u0159eba, aby si nikdo nemyslel, co\u017e N\u011bmec velmi \u010dasto d\u011bl\u00e1, \u017ee je v n\u011bmeck\u00e9m prostoru, \u017ee je to pr\u00e1v\u011b takov\u00e1 provincie jako v \u0159\u00ed\u0161i a \u017ee je mo\u017en\u00e9 zde spravovat od stolu stejn\u00fdmi spr\u00e1vn\u00edmi metodami, co\u017e naprosto nikdy nep\u016fjde.<\/p>\n\n\n\n<p>Spr\u00e1vn\u00ed rozd\u011blen\u00ed tohoto prostoru, vid\u011bno z n\u011bmeck\u00e9 strany, je pouze jedn\u00edm z prost\u0159edk\u016f a metod, jak tento prostor definitivn\u011b ovl\u00e1dnout a v\u00e9st. Je to syst\u00e9m, kter\u00fd nem\u016f\u017eeme srovn\u00e1vat se spr\u00e1vn\u00edm rozd\u011blen\u00edm a metodami spr\u00e1vy, je\u017e plat\u00ed v \u0159\u00ed\u0161i, v\u016f\u010di n\u011bmeck\u00fdm lidem. K tomu v\u0161ak p\u0159istupuje je\u0161t\u011b z\u00e1kladn\u00ed my\u0161lenka: ve\u0161ker\u00e9 po\u010d\u00edn\u00e1n\u00ed n\u011bmeck\u00fdch lid\u00ed v tomto prostoru mus\u00ed b\u00fdt v tomto okam\u017eiku usm\u011br\u0148ov\u00e1no naprosto jednozna\u010dn\u011b, toti\u017e tak, \u017ee vzhledem k v\u00e1lce a z taktick\u00fdch d\u016fvod\u016f nesm\u00edme p\u0159ipustit, aby se \u010cech v jist\u00fdch v\u011bcech rozzu\u0159il a vybuchl, i kdy\u017e mus\u00edme b\u00fdt v tomto okam\u017eiku z jist\u00fdch taktick\u00fdch d\u016fvod\u016f tvrd\u00ed, mus\u00edme p\u0159esto jednat tak, aby si \u010cech, nem\u00e1-li \u017e\u00e1dn\u00e9 jin\u00e9 v\u00fdchodisko, nemyslel, \u017ee te\u010f pr\u00e1v\u011b mus\u00ed vyvolat povst\u00e1n\u00ed.<\/p>\n\n\n\n<p>Z\u00e1kladn\u00ed linie v\u0161ak mus\u00ed, a\u010d nevyslovena, i p\u0159i takov\u00e9m jedn\u00e1n\u00ed platit: tento prostor se jednou mus\u00ed st\u00e1t n\u011bmeck\u00fdm a \u010cech tady nem\u00e1 u\u017e koneckonc\u016f co pohled\u00e1vat. To jsou v\u011bci, kter\u00e9 m\u016fj \u00fakol zde rozd\u011bluj\u00ed na dv\u011b velk\u00e9 a jasn\u00e9 etapy a oblasti \u010dinnosti. Jedna je bl\u00edzk\u00e1 \u2013 zam\u011b\u0159en\u00e1 na v\u00e1lku \u2013 druhou za\u010d\u00edn\u00e1 dalekos\u00e1hl\u00fd kone\u010dn\u00fd \u00fakol. Prvn\u00ed, bl\u00edzk\u00e1, je diktov\u00e1na pot\u0159ebami veden\u00ed v\u00e1lky. Pot\u0159ebuji v tomto prostoru klid, aby d\u011bln\u00edk, aby \u010desk\u00fd d\u011bln\u00edk zde nasadil pro n\u011bmeck\u00e9 v\u00e1le\u010dn\u00e9 \u00fasil\u00ed pln\u011b svou pracovn\u00ed s\u00edlu a abychom nezdr\u017eovali p\u0159i zdej\u0161\u00edm obrovsk\u00e9m v\u00e1le\u010dn\u00e9m pr\u016fmyslu p\u0159\u00edsun a dal\u0161\u00ed rozvoj zbrojn\u00edho pr\u016fmyslu.<\/p>\n\n\n\n<p>K tomu pat\u0159\u00ed i to, \u017ee se p\u0159irozen\u011b mus\u00ed d\u00e1t \u010desk\u00fdm d\u011bln\u00edk\u016fm tolik \u017er\u00e1dla, m\u00e1m-li to tak z\u0159eteln\u011b \u0159\u00edci, aby mohli splnit svou pr\u00e1ci. Ale i to, abychom d\u00e1vali pozor, aby \u010cech nevyu\u017eil podle sv\u00e9ho zvyku tohoto nouzov\u00e9ho stavu \u0159\u00ed\u0161e, aby si nevydobyl pro sebe soukrom\u00e9 a vlastn\u00ed \u010desk\u00e9 v\u00fdhody. Tento bl\u00edzk\u00fd \u00fakol p\u0159edpokl\u00e1d\u00e1, \u017ee \u010cechovi nejprve uk\u00e1\u017eeme, kdo je p\u00e1nem v dom\u011b, aby v\u011bd\u011bl p\u0159esn\u011b, \u017ee zde diktuje n\u011bmeck\u00fd z\u00e1jem a \u017ee zde koneckonc\u016f m\u00e1 rozhodn\u00e9 slovo \u0159\u00ed\u0161e, \u0159\u00ed\u0161e zastoupen\u00e1 veden\u00edm na tomto \u00fazem\u00ed, tedy t\u00e9\u017e v\u00e1mi, p\u00e1nov\u00e9.<\/p>\n\n\n\n<p>\u0158\u00ed\u0161e nenech\u00e1 se sebou \u017eertovat a je prost\u011b p\u00e1nem v dom\u011b, to znamen\u00e1, \u017ee ani jedin\u00fd N\u011bmec nic \u010cechovi neodpou\u0161t\u00ed, asi t\u00edm zp\u016fsobem, jako je tomu v \u0159\u00ed\u0161i se \u017eidovstvem, aby neexistoval jedin\u00fd N\u011bmec, jen\u017e by \u0159ekl, ale ten \u010cech je p\u0159ece slu\u0161n\u00fd. To byl probl\u00e9m \u017eidovsk\u00e9 ot\u00e1zky v \u0159\u00ed\u0161i, a m\u016f\u017eete si p\u0159edstavit, jak by takhle dopadlo \u0159e\u0161en\u00ed \u017eidovsk\u00e9 ot\u00e1zky. Kdy\u017e v\u0161ichni nebudeme zjevn\u011b dr\u017eet pospolu a navenek nevtvo\u0159\u00edme v\u016f\u010di \u010de\u0161stv\u00ed jedinou frontu, bude \u010cech hledat st\u00e1le zadn\u00ed vr\u00e1tka, jimi\u017e vyklouzne chytr\u00e1cky ven. O ot\u00e1zce, zda m\u016f\u017eeme o jednotlivci \u0159\u00edci, to je skute\u010dn\u011b slu\u0161n\u00fd chlap, se bude uva\u017eovat teprve tehdy, a\u017e p\u0159istoup\u00edme k tomu, abychom za\u010dali s dalekos\u00e1hl\u00fdm kone\u010dn\u00fdm \u0159e\u0161en\u00edm \u00fakolu, tedy p\u0159i ot\u00e1zce pon\u011bm\u010dov\u00e1n\u00ed a podobn\u00fdch probl\u00e9mech.<\/p>\n\n\n\n<p>P\u0159itom nesm\u00edme zapomenout na jedno: \u017ee navenek, co se t\u00fdk\u00e1 kultury, a to zejm\u00e9na d\u016fle\u017eit\u00e9, si nesm\u00edme zadat, aby si \u010cech nemohl d\u011blat legraci z toho, jak se N\u011bmec chov\u00e1. N\u011bmec si nem\u016f\u017ee dovolit, aby se v lok\u00e1lu o\u017eral; tady mus\u00edme b\u00fdt zcela otev\u0159en\u00ed: jestli\u017ee se n\u011bkdo se\u017eere, jestli\u017ee si popust\u00ed uzdu, proti tomu nikdo nic nem\u00e1, ale m\u00e1 to d\u011blat mezi sv\u00fdmi \u010dty\u0159mi st\u011bnami nebo v kasinu. \u010cech mus\u00ed vid\u011bt, \u017ee N\u011bmec, a\u0165 ve slu\u017eb\u011b, \u010di v soukrom\u00ed, se um\u00ed chovat, \u017ee je p\u00e1nem od hlavy a\u017e k pat\u011b.<\/p>\n\n\n\n<p>A proto jsem na\u0159\u00eddil, abychom dostali zde v Praze n\u011bmeckou \u00fast\u0159edn\u00ed policejn\u00ed str\u00e1\u017e, kter\u00e1 se bude starat p\u0159edev\u0161\u00edm o to, aby se t\u00e9\u017e N\u011bmci v tomto prostoru chovali \u0159\u00e1dn\u011b. Nebo\u0165 N\u011bmec, kter\u00fd nen\u00ed vychov\u00e1n, jak se na v\u016fdcovskou \u00falohu slu\u0161\u00ed, ten se sice c\u00edt\u00ed jako p\u00e1n v dom\u011b, ale ve fale\u0161n\u00e9m sm\u011bru, a vede si ke \u0161kod\u011b \u0159\u00ed\u0161e h\u016f\u0159e, ne\u017e si s\u00e1m dovede p\u0159edstavit.<\/p>\n\n\n\n<p>D\u00e1le o\u010dek\u00e1v\u00e1m, \u017ee v\u00e1m bude p\u0159i zach\u00e1zen\u00ed s \u010cechy jasn\u00e9, \u017ee je t\u0159eba t\u00e9\u017e jist\u00fdch taktick\u00fdch p\u0159edpoklad\u016f. Kdy\u017e nap\u0159. vyd\u00e1m na\u0159\u00edzen\u00ed tisku, mus\u00ed napsat bez rept\u00e1n\u00ed to, co pot\u0159ebuji. P\u0159esto budu samoz\u0159ejm\u011b udr\u017eovat s \u010cechy korektn\u00ed spole\u010densk\u00fd styk, p\u0159i\u010dem\u017e mus\u00edm v\u017edy d\u00e1vat pozor, abych nep\u0159ekro\u010dil hranice, abych si v ka\u017ed\u00e9m okam\u017eiku \u0159\u00edkal: Dej pozor, jsou to ale \u010ce\u0161i! Rozum\u00edte? St\u00fdk\u00e1me-li se z taktick\u00e9 nutnosti s \u010cechy, kte\u0159\u00ed n\u00e1m slou\u017e\u00ed, i pak je nutno se v\u017edy vracet k my\u0161lence: Jsou to ale \u010ce\u0161i.<\/p>\n\n\n\n<p>N\u011bco jin\u00e9ho je, a to je nejpodstatn\u011bj\u0161\u00ed, \u017ee p\u0159i v\u0161\u00ed tvrdosti se opravdu star\u00e1me o v\u011bci, kter\u00e9 skute\u010dn\u011b nejsou v po\u0159\u00e1dku. Nebo\u0165 nem\u00e1 \u017e\u00e1dn\u00fd v\u00fdznam, kdy\u017e \u010cecha ml\u00e1t\u00edm a se v\u0161\u00ed n\u00e1mahou a p\u016fsoben\u00edm policie p\u0159iv\u00e1d\u00edm k tomu, aby pracoval, kdy\u017e on skute\u010dn\u011b nedost\u00e1v\u00e1 to, co pot\u0159ebuje, aby m\u011bl fyzickou s\u00edlu vykon\u00e1vat svou pr\u00e1ci. V tomto sm\u011bru se konala na n\u00e1vrh st\u00e1tn\u00edho tajemn\u00edka Franka porada u v\u016fdce, na n\u00ed\u017e byl p\u0159izv\u00e1n tajemn\u00edk Backe, a my pravd\u011bpodobn\u011b p\u0159istoup\u00edme, pros\u00edm, abyste si toto v\u0161e nechali pro sebe, ne\u017e to bude uve\u0159ejn\u011bno, nebo\u0165 se to mus\u00ed n\u00e1le\u017eit\u011b propaga\u010dn\u011b upravit, pravd\u011bpodobn\u011b p\u0159istoup\u00edme ke zv\u00fd\u0161en\u00ed p\u0159\u00edd\u011blu tuku pro \u010desk\u00e9 d\u011bln\u00edky, tak okolo 400 gram\u016f, to je mno\u017estv\u00ed, o n\u011bm\u017e se u\u017e d\u00e1 mluvit.<\/p>\n\n\n\n<p>Abych to \u0161ikovn\u011b vyu\u017eil k propaga\u010dn\u00edm \u00fa\u010del\u016fm, spoj\u00edm to s my\u0161lenkou: vy, \u010de\u0161t\u00ed d\u011bln\u00edci venku, bu\u010fte rad\u011bji zticha, jinak by se mohla tak\u00e9 st\u00e1t, \u017ee bude p\u0159\u00edd\u011bl tuku op\u011bt men\u0161\u00ed. To v\u0161e jsou v\u011bci, kter\u00e9 se mus\u00ed spr\u00e1vn\u011b psychologicky uchopit. A nyn\u00ed k ot\u00e1zce cel\u00e9 propagandistick\u00e9 linie. Vid\u011bno ve velk\u00fdch obrysech, mus\u00ed se st\u00e1le v\u00edce zd\u016fraz\u0148ovat my\u0161lenka o svat\u00e9m V\u00e1clavu v jej\u00edm d\u011bjinn\u00e9m v\u00fdvoji, nebo\u0165 jestli\u017ee \u010ce\u0161i svat\u00e9ho V\u00e1clava oslavuj\u00ed, nemus\u00edme jej l\u00ed\u010dit jako svat\u00e9ho \u010cecha, n\u00fdbr\u017e tak: svat\u00fd V\u00e1clav byl mu\u017eem, jen\u017e pochopil, \u017ee \u010desk\u00fd n\u00e1rod m\u016f\u017ee \u017e\u00edt jen spolu s n\u011bmeck\u00fdm prostorem. To se mus\u00ed spr\u00e1vn\u011b psychologicky uplatnit a obr\u00e1tit zbra\u0148; kdy\u017e tedy \u010ce\u0161i oslavuj\u00ed svat\u00e9ho V\u00e1clava, vlastn\u011b dokazuj\u00ed, \u017ee m\u011bl pravdu. To je to, co se d\u00e1 historicky vyu\u017e\u00edt.<\/p>\n\n\n\n<p>Za druh\u00e9 je t\u0159eba pro nejbli\u017e\u0161\u00ed dobu v\u00e1lky jasn\u011b \u010cech\u016fm uk\u00e1zat: a\u0165 n\u00e1s miluje\u0161 nebo ne, a\u0165 pom\u00fd\u0161l\u00ed\u0161 na samostatn\u00fd st\u00e1t pozd\u011bji nebo ne, d\u016fle\u017eit\u00e9 je, \u017ee p\u0159inejmen\u0161\u00edm te\u010f uzn\u00e1v\u00e1\u0161, \u017ee by to bylo pro tebe v tomto okam\u017eiku jen \u0161kodliv\u00e9, kdybys vyvolal povst\u00e1n\u00ed anebo kladl odpor. To je taktika a linie, kterou, mysl\u00edm, mus\u00edme v tomto okam\u017eiku sledovat.<\/p>\n\n\n\n<p>Ty lidi nez\u00edsk\u00e1me, to nechceme, a ani by se n\u00e1m to nepoda\u0159ilo. Budeme jen prakticky v\u0161em vysv\u011btlovat \u2013 propagandou a opat\u0159en\u00edm atd. \u2013 docela jasn\u011b, \u017ee pro \u010cecha je re\u00e1ln\u011b nejp\u0159\u00edzniv\u011bj\u0161\u00ed, kdy\u017e v tomto okam\u017eiku hodn\u011b pracuje, i kdy\u017e si tajn\u011b mysl\u00ed, p\u016fjde-li to s \u0159\u00ed\u0161\u00ed p\u0159ece jen dol\u016f, pak budu m\u00edt op\u011bt svou svobodu. To n\u00e1m m\u016f\u017ee b\u00fdt \u00fapln\u011b jedno; hlavn\u00ed v\u011bc je, \u017ee je klidn\u00fd, nebo\u0165 my pot\u0159ebujeme klid a ticho pro kone\u010dn\u00e9 z\u00edsk\u00e1n\u00ed tohoto prostoru. Z\u00e1kladn\u00ed linie mus\u00ed b\u00fdt jasn\u00e1, av\u0161ak i taktika mus\u00ed b\u00fdt jasn\u00e1, ka\u017ed\u00fd N\u011bmec, kter\u00fd tuto z\u00e1kladn\u00ed linii nem\u00e1, a z\u00e1kladn\u00ed linie m\u016f\u017ee b\u00fdt jen nacion\u00e1ln\u011b socialistick\u00e1, mus\u00ed pry\u010d. Kdo v taktick\u00e9m jedn\u00e1n\u00ed s \u010cechy op\u011bt ustupuje, toho zde nepot\u0159ebujeme, takov\u00ed N\u011bmci zde nemaj\u00ed co pohled\u00e1vat.<\/p>\n\n\n\n<p>Pros\u00edm v\u00e1s zcela otev\u0159en\u011b, pokud se to t\u00fdk\u00e1 v\u00e1s \u010di va\u0161ich spolupracovn\u00edk\u016f, \u0159ekn\u011bte mi zcela otev\u0159en\u011b: Tak, jak jsi to tu \u0159ekl, tak to nemohu d\u011blat, pros\u00edm, nech mne odej\u00edt dom\u016f. P\u00e1nov\u00e9, pust\u00edm bez rept\u00e1n\u00ed ka\u017ed\u00e9ho, ani\u017e ztrat\u00ed svou kvalifikaci, jen\u017e je dost poctiv\u00fd, aby to \u0159ekl. Ale velice tvrd\u011b zas\u00e1hnu, jestli\u017ee b\u011bhem m\u00e9 \u010dinnosti tyto my\u0161lenky neuzn\u00e1 a nebude se jimi \u0159\u00eddit. K tomu p\u0159istupuje i p\u0159\u00edsn\u00fd dohled nad t\u011bmi \u0159\u00ed\u0161sk\u00fdmi N\u011bmci, kte\u0159\u00ed zde z d\u016fvod\u016f osobn\u00ed touhy po zisku p\u0159i arizaci jen \u0161kod\u00ed v\u00e1\u017enosti \u0159\u00ed\u0161e. To jsou ti, kte\u0159\u00ed ud\u00e1vaj\u00ed, \u017ee zde pracuj\u00ed v z\u00e1jmu n\u011bmectv\u00ed, maj\u00ed v\u0161ak na z\u0159eteli ve skute\u010dnosti pouze sv\u016fj m\u011b\u0161ec a sv\u016fj mamon.<\/p>\n\n\n\n<p>Kdy\u017e se budeme na v\u011bci d\u00edvat takto, plat\u00ed jako nejbli\u017e\u0161\u00ed \u00fakol toto: z\u00e1kladn\u00ed linie je jasn\u00e1, taktika je jasn\u00e1, tedy v\u0161echna opat\u0159en\u00ed z\u00e1visej\u00ed jen na u\u017eitku pro veden\u00ed v\u00e1lky \u0159\u00ed\u0161\u00ed, z\u00e1visej\u00ed na tom, aby byla zachov\u00e1na z\u00e1kladn\u00ed linie, na tom, \u017ee to p\u0159i taktice nep\u0159e\u017eeneme a z\u00e1kladn\u00ed linii neu\u0161kod\u00edme. Z\u00e1visej\u00ed koneckonc\u016f na tom, abychom m\u011bli zcela jasn\u011b p\u0159ed o\u010dima, \u017ee v\u0161e, co se zde mus\u00ed st\u00e1t, je pr\u00e1v\u011b jen \u0159e\u0161en\u00ed pro nejbli\u017e\u0161\u00ed budoucnost, \u010d\u00edm\u017e nesm\u00ed utrp\u011bt kone\u010dn\u00e9 \u0159e\u0161en\u00ed.<\/p>\n\n\n\n<p>A nyn\u00ed, p\u00e1nov\u00e9, n\u011bkolik my\u0161lenek o kone\u010dn\u00e9m \u0159e\u0161en\u00ed, mus\u00ed s sebou p\u0159in\u00e9st toto:<\/p>\n\n\n\n<p>1. Tento prostor mus\u00ed b\u00fdt jednou definitivn\u011b os\u00eddlen N\u011bmci. Tento prostor je srdcem \u0159\u00ed\u0161e a nem\u016f\u017ee trp\u011bt, to ukazuje n\u011bmeck\u00fd v\u00fdvoj v historii, aby z tohoto prostoru p\u0159ich\u00e1zely znovu a znovu r\u00e1ny d\u00fdkou proti \u0159\u00ed\u0161i. Nechci v\u0161ak snad \u0159\u00edci o kone\u010dn\u00e9m pon\u011bm\u010den\u00ed tohoto prostoru: pokus\u00edme se tedy te\u010f podle star\u00e9 metody pon\u011bm\u010dit \u010deskou verbe\u017e, n\u00fdbr\u017e \u0159\u00edk\u00e1m docela st\u0159\u00edzliv\u011b: za\u010d\u00edn\u00e1 to v\u011bcmi, s nimi m\u016f\u017eeme u\u017e dnes maskovan\u011b za\u010d\u00edt.<\/p>\n\n\n\n<p>Abychom z\u00edskali p\u0159ehled o tom, kdo z lid\u00ed v tomto prostoru je schopen pon\u011bm\u010den\u00ed, mus\u00edm prov\u00e9st soupis v rasov\u011b n\u00e1rodnostn\u00edm smyslu. To tedy znamen\u00e1, \u017ee mus\u00edm z\u00edskat nejr\u016fzn\u011bj\u0161\u00edmi metodami, nejr\u016fzn\u011bj\u0161\u00edmi oklikami p\u0159\u00edle\u017eitost, abych jednou ohodnotil ve\u0161ker\u00e9 obyvatelstvo z hlediska rasov\u00e9ho a n\u00e1rodnostn\u00edho. A\u0165 u\u017e pomoc\u00ed rentgenu, prohl\u00eddkami ve \u0161kole, nebo t\u00edm, \u017ee rasov\u011b p\u0159ezkou\u0161\u00edme ml\u00e1de\u017e p\u0159i zd\u00e1nliv\u00e9m ulo\u017een\u00ed pracovn\u00ed slu\u017eby.<\/p>\n\n\n\n<p>Mus\u00edm m\u00edt celkov\u00fd obraz n\u00e1roda a pak mohu \u0159\u00edci, tak a tak vypad\u00e1 obyvatelstvo. Jsou to takov\u00edto lid\u00e9: jedni jsou dobr\u00e9 rasy a dob\u0159e sm\u00fd\u0161lej\u00edc\u00ed, to je pak jednoduch\u00e9, ty m\u016f\u017eeme pon\u011bm\u010dit. Potom m\u00e1me ostatn\u00ed, co stoj\u00ed na opa\u010dn\u00e9m p\u00f3lu: jsou to lid\u00e9 \u0161patn\u00e9 rasy a \u0161patn\u011b sm\u00fd\u0161lej\u00edc\u00ed. Ty mus\u00edme dostat ven. Na v\u00fdchod\u011b je hodn\u011b m\u00edsta. Uprost\u0159ed z\u016fst\u00e1v\u00e1 st\u0159edn\u00ed vrstva, kterou mus\u00edm p\u0159esn\u011b vyzkou\u0161et. V t\u00e9to vrstv\u011b jsou dob\u0159e sm\u00fd\u0161lej\u00edc\u00ed lid\u00e9 \u0161patn\u00e9 rasy a \u0161patn\u011b sm\u00fd\u0161lej\u00edc\u00ed lid\u00e9 dobr\u00e9 rasy. U t\u011bch dob\u0159e sm\u00fd\u0161lej\u00edc\u00edch \u0161patn\u00e9 rasy se to asi mus\u00ed ud\u011blat tak, \u017ee je nasad\u00edme do pr\u00e1ce n\u011bkde v \u0159\u00ed\u0161i jinde a budeme se starat o to, aby u\u017e nem\u011bli d\u011bti, proto\u017ee je nechceme v tomto prostoru d\u00e1le rozv\u00edjet. Ale nesm\u00edme je odradit. To v\u0161e je \u0159e\u010deno jen teoreticky. Pak z\u016fst\u00e1vaj\u00ed \u0161patn\u011b sm\u00fd\u0161lej\u00edc\u00ed lid\u00e9 dobr\u00e9 rasy. Ti jsou nejnebezpe\u010dn\u011bj\u0161\u00ed, pon\u011bvad\u017e je to rasov\u011b dobr\u00e1 v\u016fdcovsk\u00e1 vrstva.<\/p>\n\n\n\n<p>Mus\u00edme uv\u00e1\u017eit, co s nimi ud\u011bl\u00e1me. U jedn\u00e9 \u010d\u00e1sti \u0161patn\u011b sm\u00fd\u0161lej\u00edc\u00edch lid\u00ed dobr\u00e9 rasy nezbude nic jin\u00e9ho, ne\u017e se pokusit us\u00eddli je v \u0159\u00ed\u0161i, v \u010dist\u011b n\u011bmeck\u00e9m prost\u0159ed\u00ed, pon\u011bm\u010dit je a p\u0159evychovat jejich sm\u00fd\u0161len\u00ed nebo, kdy\u017e to nep\u016fjde, postavit je nakonec ke zdi; pon\u011bvad\u017e vyst\u011bhovat je nemohu, nebo\u0165 by tam na v\u00fdchod\u011b vytvo\u0159ili vedouc\u00ed vrstvu, kter\u00e1 by se postavila proti n\u00e1m.<\/p>\n\n\n\n<p>To jsou zcela jasn\u00e9, z\u00e1sadn\u00ed my\u0161lenky, kter\u00e9 mus\u00ed b\u00fdt vod\u00edtkem. Kdy se to stane, to je ot\u00e1zka, kterou mus\u00ed rozhodnout v\u016fdce. Ale pl\u00e1novat a shroma\u017e\u010fovat materi\u00e1l, to jsou v\u011bci, s nimi\u017e u\u017e m\u016f\u017eeme za\u010d\u00edt. Mus\u00edme materi\u00e1l p\u0159ezkou\u0161et, mus\u00edme vyu\u017e\u00edt mo\u017enost\u00ed, kter\u00e9 tu jsou. Nap\u0159. Pozemkov\u00fd \u00fa\u0159ad, kdy\u017e ho nasad\u00edme spr\u00e1vn\u011b politicky opa\u010dn\u00fdm sm\u011brem, ne\u017e to ud\u011blali kdysi \u010ce\u0161i, m\u016f\u017ee n\u00e1m u\u017e dnes v jak\u00e9si kost\u0159e d\u00e1t nekone\u010dn\u011b mnoho, tak\u017ee v\u011b\u0159\u00edm, \u017ee za kr\u00e1tkou dobu, kterou tu asi budu, mohu ji\u017e polo\u017eit v mnoh\u00e9m z\u00e1klad pro n\u00e1rodnost\u00ed z\u00e1le\u017eitosti.<\/p>\n\n\n\n<p>K tomu p\u0159istupuje je\u0161t\u011b toto: mus\u00ed n\u00e1m b\u00fdt jasno, \u017ee tyto v\u011bci je mo\u017en\u00e9 uskute\u010dnit v cel\u00e9m tomto pl\u00e1novac\u00edm obdob\u00ed, v t\u00e9to nejbli\u017e\u0161\u00ed dob\u011b boje, jen jestli\u017ee budou tak\u00e9 jednotn\u011b \u0159\u00edzeny a pl\u00e1nov\u00e1ny. Je samoz\u0159ejm\u011b jasn\u00e9, \u017ee nap\u0159. r\u016fzn\u00ed kraj\u0161t\u00ed vedouc\u00ed, kte\u0159\u00ed nyn\u00ed pat\u0159\u00ed do \u010dty\u0159 \u017eup, sami uva\u017euj\u00ed a pl\u00e1nuj\u00ed v r\u00e1mci celkov\u00e9 linie, kter\u00e1 prosp\u00edv\u00e1 t\u00e9\u017e \u017eup\u011b. Ale p\u0159ece bych r\u00e1d, abyste nejprve vid\u011bli jedno: prim\u00e1rn\u00edm je ovl\u00e1dnut\u00ed a definitivn\u00ed podman\u011bn\u00ed tohoto prostoru, na pozd\u011bj\u0161\u00ed d\u011blen\u00ed \u2013 p\u00e1nov\u00e9 a p\u0159\u00edslu\u0161n\u00edci strany \u2013 je \u010dasu dost pak.<\/p>\n\n\n\n<p>Nejprve mus\u00ed b\u00fdt tento prostor zvl\u00e1dnout, co\u017e nedok\u00e1\u017ei, nebude-li \u0159\u00edzen z jednoho \u00fast\u0159ed\u00ed. Nemohu s \u010cechy zach\u00e1zet podle \u010dty\u0159 r\u016fzn\u00fdch d\u00edl\u010d\u00edch metod. To je t\u00e9\u017e smyslem kancl\u00e9\u0159e strany, kterou zde z\u0159\u00eddil sty\u010dn\u00fd \u00fa\u0159ad kancl\u00e9\u0159e strany pod veden\u00edm \u017eupn\u00edho vedouc\u00edho dr. Juryho a pod praktick\u00fdm pracovn\u00edm veden\u00edm p\u0159\u00edslu\u0161n\u00edka strany Schulte-Schomburga. Ur\u010dit\u011b budu vych\u00e1zet vst\u0159\u00edc v\u0161em p\u0159\u00e1n\u00edm a pot\u0159eb\u00e1m \u017eup ve v\u0161ech z\u00e1le\u017eitostech. Pouze v jedin\u00e9m nenajdete u mne sly\u0161en\u00ed, a to tam, kde to bude naru\u0161ovat to prim\u00e1rn\u00ed, toti\u017e nutnost podman\u011bn\u00ed a koneckonc\u016f upevn\u011bn\u00ed tohoto prostoru. Av\u0161ak p\u0159edpokl\u00e1d\u00e1m, \u017ee jste nacist\u00e9, a nacista kone\u010dn\u011b v\u00ed, \u017ee celkov\u00fd z\u00e1jem \u0159\u00ed\u0161e je prim\u00e1rn\u00ed a \u017ee teprve pak p\u0159ich\u00e1zej\u00ed z\u00e1jmy vlastn\u00ed.<\/p>\n\n\n\n<p>(<em>Zdroj: V\u00e1clav Kr\u00e1l: Cht\u011bli n\u00e1s vyhubit, Praha 1961, str. 125 a\u017e 137<\/em>)<\/p>\n<div data-counters='1' data-style='square' data-size='regular' data-url='https:\/\/obcanskymonitoring.cz\/?p=7662' data-title='Dokument: Projev Reinharda Heydricha 2. 10. 1941' class='linksalpha_container linksalpha_app_3'><a href='\/\/www.linksalpha.com\/share?network='facebook' class='linksalpha_icon_facebook'><\/a><a href='\/\/www.linksalpha.com\/share?network='twitter' class='linksalpha_icon_twitter'><\/a><a href='\/\/www.linksalpha.com\/share?network='googleplus' class='linksalpha_icon_googleplus'><\/a><a href='\/\/www.linksalpha.com\/share?network='mail' class='linksalpha_icon_mail'><\/a><\/div><div data-position='' data-url='https:\/\/obcanskymonitoring.cz\/?p=7662' data-title='Dokument: Projev Reinharda Heydricha 2. 10. 1941' class='linksalpha_container linksalpha_app_7'><a href='\/\/www.linksalpha.com\/share?network='facebook' class='linksalpha_icon_facebook'><\/a><a href='\/\/www.linksalpha.com\/share?network='twitter' class='linksalpha_icon_twitter'><\/a><a href='\/\/www.linksalpha.com\/share?network='googleplus' class='linksalpha_icon_googleplus'><\/a><a href='\/\/www.linksalpha.com\/share?network='mail' class='linksalpha_icon_mail'><\/a><\/div>","protected":false},"excerpt":{"rendered":"<p>&nbsp;1,143&nbsp;total views M\u00edsto: Praha, \u010cern\u00ednsk\u00fd pal\u00e1c, s\u00eddlo \u0159\u00ed\u0161sk\u00e9ho protektora P\u0159\u00edslu\u0161n\u00edci strany, p\u00e1nov\u00e9! Z rozkazu v\u016fdce jsem p\u0159evzal p\u0159ed t\u0159emi dny veden\u00ed \u00fa\u0159adu \u0159\u00ed\u0161sk\u00e9ho protektora m\u00edsto ochurav\u011bl\u00e9ho \u0159\u00ed\u0161sk\u00e9ho protektora, \u0159\u00ed\u0161sk\u00e9ho ministra von Neuratha.<\/p>\n","protected":false},"author":3,"featured_media":0,"comment_status":"open","ping_status":"open","sticky":true,"template":"","format":"standard","meta":[],"categories":[19,18,32],"tags":[],"_links":{"self":[{"href":"https:\/\/obcanskymonitoring.cz\/index.php?rest_route=\/wp\/v2\/posts\/7662"}],"collection":[{"href":"https:\/\/obcanskymonitoring.cz\/index.php?rest_route=\/wp\/v2\/posts"}],"about":[{"href":"https:\/\/obcanskymonitoring.cz\/index.php?rest_route=\/wp\/v2\/types\/post"}],"author":[{"embeddable":true,"href":"https:\/\/obcanskymonitoring.cz\/index.php?rest_route=\/wp\/v2\/users\/3"}],"replies":[{"embeddable":true,"href":"https:\/\/obcanskymonitoring.cz\/index.php?rest_route=%2Fwp%2Fv2%2Fcomments&post=7662"}],"version-history":[{"count":2,"href":"https:\/\/obcanskymonitoring.cz\/index.php?rest_route=\/wp\/v2\/posts\/7662\/revisions"}],"predecessor-version":[{"id":7665,"href":"https:\/\/obcanskymonitoring.cz\/index.php?rest_route=\/wp\/v2\/posts\/7662\/revisions\/7665"}],"wp:attachment":[{"href":"https:\/\/obcanskymonitoring.cz\/index.php?rest_route=%2Fwp%2Fv2%2Fmedia&parent=7662"}],"wp:term":[{"taxonomy":"category","embeddable":true,"href":"https:\/\/obcanskymonitoring.cz\/index.php?rest_route=%2Fwp%2Fv2%2Fcategories&post=7662"},{"taxonomy":"post_tag","embeddable":true,"href":"https:\/\/obcanskymonitoring.cz\/index.php?rest_route=%2Fwp%2Fv2%2Ftags&post=7662"}],"curies":[{"name":"wp","href":"https:\/\/api.w.org\/{rel}","templated":true}]}}