{"id":7681,"date":"2021-06-02T17:00:45","date_gmt":"2021-06-02T17:00:45","guid":{"rendered":"http:\/\/obcanskymonitoring.cz\/?p=7681"},"modified":"2021-06-02T17:03:05","modified_gmt":"2021-06-02T17:03:05","slug":"mikulasovi-minarovi-neco-unika-co-to-je","status":"publish","type":"post","link":"https:\/\/obcanskymonitoring.cz\/?p=7681","title":{"rendered":"Mikul\u00e1\u0161ovi Min\u00e1\u0159ovi n\u011bco unik\u00e1 \u2013 co to je?"},"content":{"rendered":"<div class=\"pvc_clear\"><\/div><p class=\"pvc_stats total_only \" data-element-id=\"7681\" style=\"\"><i class=\"pvc-stats-icon medium\" aria-hidden=\"true\"><svg xmlns=\"http:\/\/www.w3.org\/2000\/svg\" version=\"1.0\" viewBox=\"0 0 502 315\" preserveAspectRatio=\"xMidYMid meet\"><g transform=\"translate(0,332) scale(0.1,-0.1)\" fill=\"\" stroke=\"none\"><path d=\"M2394 3279 l-29 -30 -3 -207 c-2 -182 0 -211 15 -242 39 -76 157 -76 196 0 15 31 17 60 15 243 l-3 209 -33 29 c-26 23 -41 29 -80 29 -41 0 -53 -5 -78 -31z\"\/><path d=\"M3085 3251 c-45 -19 -58 -50 -96 -229 -47 -217 -49 -260 -13 -295 52 -53 146 -42 177 20 16 31 87 366 87 410 0 70 -86 122 -155 94z\"\/><path d=\"M1751 3234 c-13 -9 -29 -31 -37 -50 -12 -29 -10 -49 21 -204 19 -94 39 -189 45 -210 14 -50 54 -80 110 -80 34 0 48 6 76 34 21 21 34 44 34 59 0 14 -18 113 -40 219 -37 178 -43 195 -70 221 -36 32 -101 37 -139 11z\"\/><path d=\"M1163 3073 c-36 -7 -73 -59 -73 -102 0 -56 133 -378 171 -413 34 -32 83 -37 129 -13 70 36 67 87 -16 290 -86 209 -89 214 -129 231 -35 14 -42 15 -82 7z\"\/><path d=\"M3689 3066 c-15 -9 -33 -30 -42 -48 -48 -103 -147 -355 -147 -375 0 -98 131 -148 192 -74 13 15 57 108 97 206 80 196 84 226 37 273 -30 30 -99 39 -137 18z\"\/><path d=\"M583 2784 c-38 -19 -67 -74 -58 -113 9 -42 211 -354 242 -373 16 -10 45 -18 66 -18 51 0 107 52 107 100 0 39 -1 41 -124 234 -80 126 -108 162 -133 173 -41 17 -61 16 -100 -3z\"\/><path d=\"M4250 2784 c-14 -9 -74 -91 -133 -183 -95 -150 -107 -173 -107 -213 0 -55 33 -94 87 -104 67 -13 90 8 211 198 130 202 137 225 78 284 -27 27 -42 34 -72 34 -22 0 -50 -8 -64 -16z\"\/><path d=\"M2275 2693 c-553 -48 -1095 -270 -1585 -649 -135 -104 -459 -423 -483 -476 -23 -49 -22 -139 2 -186 73 -142 361 -457 571 -626 285 -228 642 -407 990 -497 242 -63 336 -73 660 -74 310 0 370 5 595 52 535 111 1045 392 1455 803 122 121 250 273 275 326 19 41 19 137 0 174 -41 79 -309 363 -465 492 -447 370 -946 591 -1479 653 -113 14 -422 18 -536 8z m395 -428 c171 -34 330 -124 456 -258 112 -119 167 -219 211 -378 27 -96 24 -300 -5 -401 -72 -255 -236 -447 -474 -557 -132 -62 -201 -76 -368 -76 -167 0 -236 14 -368 76 -213 98 -373 271 -451 485 -162 444 86 934 547 1084 153 49 292 57 452 25z m909 -232 c222 -123 408 -262 593 -441 76 -74 138 -139 138 -144 0 -16 -233 -242 -330 -319 -155 -123 -309 -223 -461 -299 l-81 -41 32 46 c18 26 49 83 70 128 143 306 141 649 -6 957 -25 52 -61 116 -79 142 l-34 47 45 -20 c26 -10 76 -36 113 -56z m-2057 25 c-40 -58 -105 -190 -130 -263 -110 -324 -59 -707 132 -981 25 -35 42 -64 37 -64 -19 0 -241 119 -326 174 -188 122 -406 314 -532 468 l-58 71 108 103 c185 178 428 349 672 473 66 33 121 60 123 61 2 0 -10 -19 -26 -42z\"\/><path d=\"M2375 1950 c-198 -44 -350 -190 -395 -379 -18 -76 -8 -221 19 -290 114 -284 457 -406 731 -260 98 52 188 154 231 260 27 69 37 214 19 290 -38 163 -166 304 -326 360 -67 23 -215 33 -279 19z\"\/><\/g><\/svg><\/i> &nbsp;970&nbsp;total views<\/p><div class=\"pvc_clear\"><\/div>\n<figure class=\"wp-block-image size-large is-resized\"><a href=\"https:\/\/obcanskymonitoring.cz\/wp-content\/uploads\/2021\/06\/mm-1.jpg\"><img loading=\"lazy\" src=\"https:\/\/obcanskymonitoring.cz\/wp-content\/uploads\/2021\/06\/mm-1.jpg\" alt=\"\" class=\"wp-image-7684\" width=\"81\" height=\"119\"\/><\/a><\/figure>\n\n\n\n<p>(<em>P\u0159evzato z FB<\/em>)<\/p>\n\n\n\n<p>J\u00e1 teda nev\u00edm, asi mi n\u011bco unik\u00e1, ale po\u0159\u00e1d mi p\u0159ijde, \u017ee vyslovit te\u010f vl\u00e1d\u011b ned\u016fv\u011bru je p\u011bkn\u00e1 kravina. A obrovsk\u00fd risk. Copak to nikdo a\u017e na p\u00e1r novin\u00e1\u0159\u016f nevid\u00ed?<\/p>\n\n\n\n<p>Jasn\u011b, ch\u00e1pu v\u0161echny argumenty opozice. Tahle vl\u00e1da si d\u016fv\u011bru prost\u011b nezaslou\u017e\u00ed. Ka\u017ed\u00fd t\u00fdden p\u0159in\u00e1\u0161\u00ed dal\u0161\u00ed d\u016fkaz, d\u011bj\u00ed se hrozn\u00e9 v\u011bci. Ham\u00e1\u010dek, Vrb\u011btice, st\u0159et z\u00e1jm\u016f. Jasn\u011b, Milo\u0161 Zeman m\u00e1 u\u017e te\u010f na vl\u00e1du obrovsk\u00fd vliv. To v\u0161echno je pravda.<\/p>\n\n\n<p><!--more--><\/p>\n\n\n<p>A proto ud\u011bl\u00e1me co? D\u00e1me Milo\u0161i Zemanovi mo\u017enost d\u011blat si co chce. A budeme se modlit, aby byl hodn\u00fd a dodr\u017eoval sv\u00e9 sliby. Vysloven\u00edm ned\u016fv\u011bry vl\u00e1d\u011b opozice p\u0159edev\u0161\u00edm vyslov\u00ed d\u016fv\u011bru Milo\u0161i Zemanovi a d\u00e1 mu obrovsk\u00fd man\u00e9vrovac\u00ed prostor!<\/p>\n\n\n\n<p>Potenci\u00e1ln\u00ed zisk pro opozici? Minim\u00e1ln\u00ed. Potenci\u00e1ln\u00ed rizika pro republiku? Obrovsk\u00e1.<\/p>\n\n\n\n<p>Asi nikdo nepodez\u00edr\u00e1 pr\u00e1v\u011b mn\u011b z podce\u0148ov\u00e1n\u00ed rizika, kter\u00fdm je Andrej Babi\u0161 pro na\u0161i zemi. Mo\u017en\u00e1 v\u00e1m to p\u0159ijde zvl\u00e1\u0161tn\u00ed, ale zd\u00e1 se mi, \u017ee v tuto chv\u00edli, kdy opozice nutn\u011b mus\u00ed volit ze dvou zel, je tu je\u0161t\u011b z\u00e1ke\u0159n\u011bj\u0161\u00ed a nebezpe\u010dn\u011bj\u0161\u00ed hr\u00e1\u010d ne\u017e je Babi\u0161. Milo\u0161 Zeman. Pro\u010d?<\/p>\n\n\n\n<p>Proto\u017ee na rozd\u00edl od Babi\u0161e nem\u00e1 co ztratit. Chce se mst\u00edt a panovat. A zb\u00fdvaj\u00ed mu posledn\u00ed dva roky. Vzpome\u0148te si na v\u0161echny ty hnusy, kter\u00e9 u\u017e ud\u011blal. Na v\u0161echny ty l\u017ei, nad\u00e1vky, zesm\u011b\u0161\u0148ov\u00e1n\u00ed, poru\u0161ov\u00e1n\u00ed \u00fastavy, instalaci sv\u00e9voln\u00e9 \u00fa\u0159ednick\u00e9 vl\u00e1dy, vychvalov\u00e1n\u00ed totalitn\u00edch re\u017eim\u016f, veksl\u00e1ck\u00e9 poh\u016fnky na Hrad\u011b\u2026 Asi si \u0159\u00edk\u00e1te, \u017ee u\u017e to hor\u0161\u00ed b\u00fdt nem\u016f\u017ee.<\/p>\n\n\n\n<p>M\u016f\u017ee. Proto\u017ee Milo\u0161 Zeman jde do fin\u00e1le. Za\u010d\u00edn\u00e1 posledn\u00ed etapa jeho velk\u00e9 \u0161achov\u00e9 hry. Volby 2021, v\u0161e co bude p\u0159ed nimi a v\u0161e co bude po nich. A tak\u00e9 volba p\u0159\u00ed\u0161t\u00edho prezidenta a p\u0159ed\u00e1n\u00ed moci. V tom v\u0161em bude cht\u00edt m\u00edt prsty. Bude cht\u00edt zavr\u0161it sv\u00e9 d\u00edlo. A pokud dostane prostor, m\u016f\u017ee si dovolit hor\u0161\u00ed v\u011bci ne\u017e kdy d\u0159\u00edv. Sta\u010d\u00ed si vzpomenout na Klause, co ud\u011blal v z\u00e1v\u011bru sv\u00e9ho mand\u00e1tu on. Amnestie pro nejv\u011bt\u0161\u00ed s\u00edgry. Zahlazov\u00e1n\u00ed stop. Snaha si po\u0161\u00e9fovat a pokr\u00fdt budoucnost. Prost\u011b to nejhor\u0161\u00ed na konec, kdy u\u017e nemus\u00edte dr\u017eet tv\u00e1\u0159.<\/p>\n\n\n\n<p>Mysl\u00edte si snad, \u017ee Milo\u0161 Zeman u\u017e se chyst\u00e1 do d\u016fchodu a nebude intrikovat a hr\u00e1t naplno hnusn\u00e9 karty a\u017e do konce? Pak v\u00e1m gratuluji k tomu optimismu. To, jak Babi\u0161 ni\u010d\u00ed na\u0161i zemi, by nikdy nebylo mo\u017en\u00e9 bez takov\u00e9ho prezidenta. Milo\u0161 Zeman mu jde \u010d\u00e1ste\u010dn\u011b na ruku, \u010d\u00e1ste\u010dn\u011b po krku. Ovl\u00e1d\u00e1 ho. D\u00e1v\u00e1 mu instrukce. P\u016flka lid\u00ed ve vl\u00e1d\u011b jsou minist\u0159i Milo\u0161e Zemana. Tak se st\u00e1v\u00e1me sv\u011bdky neuv\u011b\u0159iteln\u00fdch situac\u00ed, kdy se Marie Bene\u0161ov\u00e1 sna\u017eila z\u00edskat skalp nejvy\u0161\u0161\u00edho st\u00e1tn\u00edho z\u00e1stupce Pavla Zemana, hrozila mu k\u00e1rn\u00fdmi \u017ealobami, a byl to Andrej Babi\u0161, kdo ho br\u00e1nil. Evidentn\u011b je to je\u0161t\u011b v\u00edc Zemanova ne\u017e Babi\u0161ova ministryn\u011b.<\/p>\n\n\n\n<figure class=\"wp-block-image size-medium is-resized\"><a href=\"https:\/\/obcanskymonitoring.cz\/wp-content\/uploads\/2021\/06\/mikulas-minar-zeman-babis.jpg\"><img loading=\"lazy\" src=\"https:\/\/obcanskymonitoring.cz\/wp-content\/uploads\/2021\/06\/mikulas-minar-zeman-babis-300x221.jpg\" alt=\"\" class=\"wp-image-7683\" width=\"397\" height=\"292\" srcset=\"https:\/\/obcanskymonitoring.cz\/wp-content\/uploads\/2021\/06\/mikulas-minar-zeman-babis-300x221.jpg 300w, https:\/\/obcanskymonitoring.cz\/wp-content\/uploads\/2021\/06\/mikulas-minar-zeman-babis-1024x753.jpg 1024w, https:\/\/obcanskymonitoring.cz\/wp-content\/uploads\/2021\/06\/mikulas-minar-zeman-babis-768x565.jpg 768w, https:\/\/obcanskymonitoring.cz\/wp-content\/uploads\/2021\/06\/mikulas-minar-zeman-babis.jpg 1054w\" sizes=\"(max-width: 397px) 100vw, 397px\" \/><\/a><\/figure>\n\n\n\n<p>Ch\u00e1pete to? Babi\u0161 m\u00e1 co ztratit. V\u00ed, \u017ee p\u0159\u00edpadn\u00e9 demonstrace ohroz\u00ed jeho volebn\u00ed v\u00fdsledek. Andrej Babi\u0161 se mus\u00ed pohybovat alespo\u0148 v element\u00e1rn\u00edch mantinelech. Mus\u00ed usp\u011bt ve volb\u00e1ch. Ale Milo\u0161e Zemana u\u017e \u017e\u00e1dn\u00e9 volby nesvazuj\u00ed. Dovol\u00ed si cokoliv, aby sv\u00e9 d\u00edlo dot\u00e1hnul do konce.<\/p>\n\n\n\n<p>Pokud opozice vyslov\u00ed vl\u00e1d\u011b ned\u016fv\u011bru, d\u00e1 k tomu Zemanovi p\u0159\u00edle\u017eitost. Pod\u00edvejme se, co m\u016f\u017ee n\u00e1sledovat. I kdy\u017e Zeman \u0159ekl, \u017ee to neud\u011bl\u00e1, m\u016f\u017ee si jmenovat vlastn\u00ed \u00fa\u0159ednickou vl\u00e1du. Kdo zaru\u010d\u00ed, \u017ee to tak nebude? A pokud se to stane, pak se budou d\u00edt v\u011bci.<\/p>\n\n\n\n<ul><li>V l\u00e9t\u011b kon\u010d\u00ed mand\u00e1t \u0159editeli BIS Koudelkovi. Po jeho skalpu Zeman tou\u017e\u00ed. \u0158editel BIS je jmenov\u00e1n a odvol\u00e1v\u00e1n vl\u00e1dou.<\/li><li>Stejn\u011b tak m\u016f\u017ee velice brzy doj\u00edt k v\u00fdm\u011bn\u011b \u0159editele \u010cT \u2013 i tu chce Zeman \u010d\u00e1ste\u010dn\u011b zni\u010dit, \u010d\u00e1ste\u010dn\u011b ovl\u00e1dnout.<\/li><li>P\u0159ehodnocen\u00ed Vrb\u011btic a vztahu k Rusku a \u010c\u00edn\u011b. N\u00e1vrat rusk\u00fdch agent\u016f na ambas\u00e1du.<\/li><li>P\u0159iklepnut\u00ed Dukovan Rusku.<\/li><li>Kan\u00e1l Dunaj\u2013Odra\u2013Labe<\/li><li>Zak\u00e1zky sp\u0159\u00e1telen\u00fdm oligarch\u016fm<\/li><li>V\u00fdb\u011br nov\u00e9ho nejvy\u0161\u0161\u00edho st\u00e1tn\u00edho z\u00e1stupce podle Zemanovy libov\u016fle.<\/li><\/ul>\n\n\n\n<p>Jak by takov\u00e1 Zemanova vl\u00e1da vypadala? To ilustruje jeho d\u00e1vn\u00fd v\u00fdrok \u2013 \u201eKdybych m\u011bl 16 Mari\u00ed Bene\u0161ov\u00fdch, tak je jich ve vl\u00e1d\u011b 16.\u201c \u0160estn\u00e1ct v\u0161ehoschopn\u00fdch lid\u00ed v Zemanov\u011b vl\u00e1d\u011b. To by byla opravdu par\u00e1da. Nav\u00edc nikdo netu\u0161\u00ed, jak dlouho by svou provizorn\u00ed vl\u00e1du Milo\u0161 Zeman nechal vl\u00e1dnout bez d\u016fv\u011bry i po parlamentn\u00edch volb\u00e1ch v \u0159\u00edjnu. \u017de se to nem\u016f\u017ee st\u00e1t? \u017de u\u017e by to bylo p\u0159\u00edli\u0161? \u017de Milo\u0161 Zeman \u0159ekl, \u017ee to neud\u011bl\u00e1?<\/p>\n\n\n\n<p>Pardon, ale jestli se chceme spolehnout v tak rizikov\u00e9 situaci na n\u011bkolik slov \u010dlov\u011bka, kter\u00fd opakovan\u011b lhal, kter\u00fd m\u011bn\u00ed n\u00e1zory jak fouk\u00e1 v\u00edtr a kter\u00fd vyu\u017e\u00edv\u00e1 v\u0161echny \u0161pinav\u00e9 mocensk\u00e9 kli\u010dky, aby dos\u00e1hl sv\u00e9ho, tak jsme neuv\u011b\u0159iteln\u011b naivn\u00ed.<\/p>\n\n\n\n<p>Vysloven\u00ed ned\u016fv\u011bry vl\u00e1d\u011b bude m\u00edt v tuto chv\u00edli za n\u00e1sledek bu\u010f vl\u00e1du Milo\u0161e Zemana, nebo zv\u00fd\u0161en\u00ed jeho vlivu na sou\u010dasnou vl\u00e1du. Bude dr\u017eet Babi\u0161e pod krkem je\u0161t\u011b v\u00edc. Jeho moc ka\u017edop\u00e1dn\u011b vzroste.<\/p>\n\n\n\n<p>Co t\u00edm m\u016f\u017ee opozice z\u00edskat?<\/p>\n\n\n\n<p>Prakticky nic. Je to jen symbolick\u00e9 v\u00edt\u011bzstv\u00ed, kter\u00e9 snad uspokoj\u00ed p\u00e1r na\u0161tvan\u00fdch voli\u010d\u016f. Opozice uk\u00e1\u017ee, \u017ee se na n\u011b\u010dem shodne a \u017ee \u201en\u011bco proti Babi\u0161ovi d\u011bl\u00e1\u201c. Ale tohle n\u011bco se n\u00e1m m\u016f\u017ee \u0161eredn\u011b vymst\u00edt. Volby to ani neurychl\u00ed, ani to opozici nepom\u016f\u017ee. Pr\u00e1v\u011b naopak.<\/p>\n\n\n\n<p>Babi\u0161ovi to d\u00e1 \u00fa\u017easnou mo\u017enost vyt\u00e1hnout p\u0159ed volbami znovu kartu ob\u011bti. Vid\u00edte? Nao\u010dkoval jsem n\u00e1rod, rozvolnili jsme, v\u0161echno se da\u0159\u00ed, ale ta zl\u00e1 a nep\u0159ej\u00edc\u00ed opozice m\u00edsto konstruktivn\u00ed spolupr\u00e1ce n\u00e1m to tady kaz\u00ed. Ti maj\u00ed vl\u00e1dnout?<\/p>\n\n\n\n<p>A bude to m\u00edt zase \u00fasp\u011bch. Babi\u0161 bude jezdit po republice a za v\u0161echno \u0161patn\u00e9 d\u00e1 vinu opozici. Vyvl\u00edkne se z odpov\u011bdnosti za pandemii. To by mu nikdo nem\u011bl dovolit. Obzvl\u00e1\u0161\u0165 te\u010f, kdy\u017e mu preference kone\u010dn\u011b klesaj\u00ed \u2013 m\u011bl by si to vy\u017erat a\u017e do konce.<\/p>\n\n\n\n<p>No a to nejhor\u0161\u00ed jsem si nechal na konec. Jestli\u017ee m\u00e1 opozice jenom 70 mand\u00e1t\u016f, v\u00edte, kdo nakonec rozhodne o tom, zda vl\u00e1d\u011b bude \u010di nebude vyslovena ned\u016fv\u011bra?<\/p>\n\n\n\n<p>Budou to komunist\u00e9 a SPD. A kdo ovl\u00e1d\u00e1 komunisty a SPD? Milo\u0161 Zeman! Bude to tedy Milo\u0161 Zeman, kdo nakonec rozhodne o tom, zda se mu hod\u00ed \u010di nehod\u00ed do kr\u00e1mu, aby byla ned\u016fv\u011bra Babi\u0161ovi vyslovena. Vojt\u011bch Filip i Tomio Okamura se s prezidentem jist\u011b ochotn\u011b domluv\u00ed, co maj\u00ed ud\u011blat (taky za to n\u011bco dostanou).<\/p>\n\n\n\n<p>Copak si nepamatujete, kdo byl prvn\u00ed politik, kter\u00fd p\u0159i\u0161el (po konzultaci se Zemanem) s t\u00edm, \u017ee by se m\u011bla Babi\u0161ovi vyslovit ned\u016fv\u011bra? Byl to Tomio Okamura. Hned pot\u00e9 komunist\u00e9 najednou vypov\u011bd\u011bli vl\u00e1d\u011b podporu. Teprve to p\u0159ivedlo koalici SPOLU k \u00favah\u00e1m o vysloven\u00ed ned\u016fv\u011bry.<\/p>\n\n\n\n<p>Nemohu si pomoct, ale zd\u00e1 se mi, \u017ee opozice strk\u00e1 hlavu do opr\u00e1tky a chyst\u00e1 se d\u00e1t Zemanovi mo\u017enost sehr\u00e1t si posledn\u00ed p\u0159edstaven\u00ed v takov\u00e9m stylu, proti n\u011bmu\u017e bylo v\u0161echno, co jsme zat\u00edm vid\u011bli, slab\u00fd odvar.<\/p>\n\n\n\n<p>V\u00edte, mo\u017en\u00e1, \u017ee to tak nedopadne. Douf\u00e1m, \u017ee se m\u00fdl\u00edm. Ale znovu \u0159\u00edk\u00e1m \u2013 ten, kdo si o tom podle sv\u00e9 pot\u0159eby rozhodn\u011b \u2013 bude Milo\u0161 Zeman. Situace je p\u0159\u00edli\u0161 v\u00e1\u017en\u00e1 na to, aby mu te\u010f opozice sko\u010dila na \u0161pek a sehr\u00e1la roli u\u017eite\u010dn\u00fdch idiot\u016f.<\/p>\n\n\n\n<p>Mo\u017en\u00e1 se m\u00fdl\u00edm a jsem \u00fapln\u011b mimo. Mo\u017en\u00e1 m\u00e1 opozice n\u011bjak\u00e9 informace, kter\u00e9 mi chyb\u00ed, v\u011bt\u0161\u00ed vhled, nebo tajn\u00fd pl\u00e1n. Nev\u00edm. Akor\u00e1t jsem n\u011bjak nesly\u0161el \u017e\u00e1dn\u00e9 argumenty, kter\u00e9 by mi tuto obavu vyvr\u00e1tily, proto ji vyslovuji nahlas. Sly\u0161el jsem mor\u00e1ln\u00ed apely a snahu n\u011bjak uspokojit sv\u00e9 voli\u010de. Ale p\u0159e\u0161lap te\u010f m\u016f\u017ee b\u00fdt fat\u00e1ln\u00ed. Budu proto r\u00e1d za diskusi, jak to vid\u00edte vy.<\/p>\n\n\n\n<p>Co m\u00e1 tedy opozice d\u011blat, kdy\u017e jsem tak chytrej?<\/p>\n\n\n\n<p>Jedinou v\u011bc. K\u0159\u00ed\u017eem kr\u00e1\u017eem od r\u00e1na do ve\u010dera masov\u011b jezdit po republice a trp\u011bliv\u011b se sna\u017eit z\u00edskat vla\u017en\u011bj\u0161\u00ed lidi a nevoli\u010de, aby \u0161li volit a ukon\u010dili tenhle marasmus. B\u00fdt vid\u011bt. Tak jako to d\u011bl\u00e1 \u0160lachta \u2013 je vid\u011bt, \u017ee to funguje. D\u00e1t lidem nad\u011bji, \u017ee tu je alternativa a \u017ee m\u016f\u017ee b\u00fdt l\u00edp. Vysv\u011btlit, co je \u0161patn\u011b a co pozitivn\u00edho nab\u00edz\u00ed.<\/p>\n\n\n\n<p>To je ta jedin\u00e1 cesta. Babi\u0161 pad\u00e1 a opozice m\u00e1 jedine\u010dnou \u0161anci do toho za\u010d\u00edt po\u0159\u00e1dn\u011b \u0161lapat a z\u00edskat lidi na svou stranu. V ulic\u00edch, ne v telce. Te\u010f u\u017e nem\u00e1 smysl nic jin\u00e9ho ne\u017e po\u0159\u00e1dn\u00e1 volebn\u00ed ofenziva. V tom bychom m\u011bli my v\u0161ichni pomoct a mluvit s lidmi okolo sebe, proto\u017ee tyhle volby budou rozhoduj\u00edc\u00ed. Je to i na n\u00e1s!<\/p>\n\n\n\n<p>Tak\u017ee a\u0165 u\u017e to ve \u010dtvrtek dopadne s tou ned\u016fv\u011brou jakkoliv, dr\u017eme si palce a pomozme, a\u0165 to opozice co nejl\u00e9pe zvl\u00e1dne a a\u0165 nenastane ten nej\u010dern\u011bj\u0161\u00ed sc\u00e9n\u00e1\u0159. D\u00edky.<\/p>\n\n\n\n<p>P. S. Ta fotka byla po\u0159\u00edzena v\u010dera, v pond\u011bl\u00ed 31. 5. 2021. Vid\u00edte ten Zeman\u016fv v\u00fdraz?<\/p>\n<div data-counters='1' data-style='square' data-size='regular' data-url='https:\/\/obcanskymonitoring.cz\/?p=7681' data-title='Mikul\u00e1\u0161ovi Min\u00e1\u0159ovi n\u011bco unik\u00e1 \u2013 co to je?' class='linksalpha_container linksalpha_app_3'><a href='\/\/www.linksalpha.com\/share?network='facebook' class='linksalpha_icon_facebook'><\/a><a href='\/\/www.linksalpha.com\/share?network='twitter' class='linksalpha_icon_twitter'><\/a><a href='\/\/www.linksalpha.com\/share?network='googleplus' class='linksalpha_icon_googleplus'><\/a><a href='\/\/www.linksalpha.com\/share?network='mail' class='linksalpha_icon_mail'><\/a><\/div><div data-position='' data-url='https:\/\/obcanskymonitoring.cz\/?p=7681' data-title='Mikul\u00e1\u0161ovi Min\u00e1\u0159ovi n\u011bco unik\u00e1 \u2013 co to je?' class='linksalpha_container linksalpha_app_7'><a href='\/\/www.linksalpha.com\/share?network='facebook' class='linksalpha_icon_facebook'><\/a><a href='\/\/www.linksalpha.com\/share?network='twitter' class='linksalpha_icon_twitter'><\/a><a href='\/\/www.linksalpha.com\/share?network='googleplus' class='linksalpha_icon_googleplus'><\/a><a href='\/\/www.linksalpha.com\/share?network='mail' class='linksalpha_icon_mail'><\/a><\/div>","protected":false},"excerpt":{"rendered":"<p>&nbsp;970&nbsp;total views (P\u0159evzato z FB) J\u00e1 teda nev\u00edm, asi mi n\u011bco unik\u00e1, ale po\u0159\u00e1d mi p\u0159ijde, \u017ee vyslovit te\u010f vl\u00e1d\u011b ned\u016fv\u011bru je p\u011bkn\u00e1 kravina. A obrovsk\u00fd risk. Copak to nikdo a\u017e na p\u00e1r novin\u00e1\u0159\u016f nevid\u00ed? Jasn\u011b, ch\u00e1pu v\u0161echny argumenty opozice. Tahle vl\u00e1da si d\u016fv\u011bru prost\u011b nezaslou\u017e\u00ed. Ka\u017ed\u00fd t\u00fdden p\u0159in\u00e1\u0161\u00ed dal\u0161\u00ed d\u016fkaz, d\u011bj\u00ed se hrozn\u00e9 v\u011bci. [&hellip;]<\/p>\n","protected":false},"author":3,"featured_media":0,"comment_status":"open","ping_status":"open","sticky":true,"template":"","format":"standard","meta":[],"categories":[19,18],"tags":[],"_links":{"self":[{"href":"https:\/\/obcanskymonitoring.cz\/index.php?rest_route=\/wp\/v2\/posts\/7681"}],"collection":[{"href":"https:\/\/obcanskymonitoring.cz\/index.php?rest_route=\/wp\/v2\/posts"}],"about":[{"href":"https:\/\/obcanskymonitoring.cz\/index.php?rest_route=\/wp\/v2\/types\/post"}],"author":[{"embeddable":true,"href":"https:\/\/obcanskymonitoring.cz\/index.php?rest_route=\/wp\/v2\/users\/3"}],"replies":[{"embeddable":true,"href":"https:\/\/obcanskymonitoring.cz\/index.php?rest_route=%2Fwp%2Fv2%2Fcomments&post=7681"}],"version-history":[{"count":6,"href":"https:\/\/obcanskymonitoring.cz\/index.php?rest_route=\/wp\/v2\/posts\/7681\/revisions"}],"predecessor-version":[{"id":7690,"href":"https:\/\/obcanskymonitoring.cz\/index.php?rest_route=\/wp\/v2\/posts\/7681\/revisions\/7690"}],"wp:attachment":[{"href":"https:\/\/obcanskymonitoring.cz\/index.php?rest_route=%2Fwp%2Fv2%2Fmedia&parent=7681"}],"wp:term":[{"taxonomy":"category","embeddable":true,"href":"https:\/\/obcanskymonitoring.cz\/index.php?rest_route=%2Fwp%2Fv2%2Fcategories&post=7681"},{"taxonomy":"post_tag","embeddable":true,"href":"https:\/\/obcanskymonitoring.cz\/index.php?rest_route=%2Fwp%2Fv2%2Ftags&post=7681"}],"curies":[{"name":"wp","href":"https:\/\/api.w.org\/{rel}","templated":true}]}}