{"id":7698,"date":"2021-06-15T09:39:14","date_gmt":"2021-06-15T09:39:14","guid":{"rendered":"http:\/\/obcanskymonitoring.cz\/?p=7698"},"modified":"2021-06-15T10:27:18","modified_gmt":"2021-06-15T10:27:18","slug":"dokument-vladni-navrh-zakona-o-zvlastnich-zpusobech-hlasovani-v-letosnich-volbach","status":"publish","type":"post","link":"https:\/\/obcanskymonitoring.cz\/?p=7698","title":{"rendered":"Dokument: vl\u00e1dn\u00ed n\u00e1vrh z\u00e1kona o zvl\u00e1\u0161tn\u00edch zp\u016fsobech hlasov\u00e1n\u00ed v leto\u0161n\u00edch volb\u00e1ch"},"content":{"rendered":"<div class=\"pvc_clear\"><\/div><p class=\"pvc_stats total_only \" data-element-id=\"7698\" style=\"\"><i class=\"pvc-stats-icon medium\" aria-hidden=\"true\"><svg xmlns=\"http:\/\/www.w3.org\/2000\/svg\" version=\"1.0\" viewBox=\"0 0 502 315\" preserveAspectRatio=\"xMidYMid meet\"><g transform=\"translate(0,332) scale(0.1,-0.1)\" fill=\"\" stroke=\"none\"><path d=\"M2394 3279 l-29 -30 -3 -207 c-2 -182 0 -211 15 -242 39 -76 157 -76 196 0 15 31 17 60 15 243 l-3 209 -33 29 c-26 23 -41 29 -80 29 -41 0 -53 -5 -78 -31z\"\/><path d=\"M3085 3251 c-45 -19 -58 -50 -96 -229 -47 -217 -49 -260 -13 -295 52 -53 146 -42 177 20 16 31 87 366 87 410 0 70 -86 122 -155 94z\"\/><path d=\"M1751 3234 c-13 -9 -29 -31 -37 -50 -12 -29 -10 -49 21 -204 19 -94 39 -189 45 -210 14 -50 54 -80 110 -80 34 0 48 6 76 34 21 21 34 44 34 59 0 14 -18 113 -40 219 -37 178 -43 195 -70 221 -36 32 -101 37 -139 11z\"\/><path d=\"M1163 3073 c-36 -7 -73 -59 -73 -102 0 -56 133 -378 171 -413 34 -32 83 -37 129 -13 70 36 67 87 -16 290 -86 209 -89 214 -129 231 -35 14 -42 15 -82 7z\"\/><path d=\"M3689 3066 c-15 -9 -33 -30 -42 -48 -48 -103 -147 -355 -147 -375 0 -98 131 -148 192 -74 13 15 57 108 97 206 80 196 84 226 37 273 -30 30 -99 39 -137 18z\"\/><path d=\"M583 2784 c-38 -19 -67 -74 -58 -113 9 -42 211 -354 242 -373 16 -10 45 -18 66 -18 51 0 107 52 107 100 0 39 -1 41 -124 234 -80 126 -108 162 -133 173 -41 17 -61 16 -100 -3z\"\/><path d=\"M4250 2784 c-14 -9 -74 -91 -133 -183 -95 -150 -107 -173 -107 -213 0 -55 33 -94 87 -104 67 -13 90 8 211 198 130 202 137 225 78 284 -27 27 -42 34 -72 34 -22 0 -50 -8 -64 -16z\"\/><path d=\"M2275 2693 c-553 -48 -1095 -270 -1585 -649 -135 -104 -459 -423 -483 -476 -23 -49 -22 -139 2 -186 73 -142 361 -457 571 -626 285 -228 642 -407 990 -497 242 -63 336 -73 660 -74 310 0 370 5 595 52 535 111 1045 392 1455 803 122 121 250 273 275 326 19 41 19 137 0 174 -41 79 -309 363 -465 492 -447 370 -946 591 -1479 653 -113 14 -422 18 -536 8z m395 -428 c171 -34 330 -124 456 -258 112 -119 167 -219 211 -378 27 -96 24 -300 -5 -401 -72 -255 -236 -447 -474 -557 -132 -62 -201 -76 -368 -76 -167 0 -236 14 -368 76 -213 98 -373 271 -451 485 -162 444 86 934 547 1084 153 49 292 57 452 25z m909 -232 c222 -123 408 -262 593 -441 76 -74 138 -139 138 -144 0 -16 -233 -242 -330 -319 -155 -123 -309 -223 -461 -299 l-81 -41 32 46 c18 26 49 83 70 128 143 306 141 649 -6 957 -25 52 -61 116 -79 142 l-34 47 45 -20 c26 -10 76 -36 113 -56z m-2057 25 c-40 -58 -105 -190 -130 -263 -110 -324 -59 -707 132 -981 25 -35 42 -64 37 -64 -19 0 -241 119 -326 174 -188 122 -406 314 -532 468 l-58 71 108 103 c185 178 428 349 672 473 66 33 121 60 123 61 2 0 -10 -19 -26 -42z\"\/><path d=\"M2375 1950 c-198 -44 -350 -190 -395 -379 -18 -76 -8 -221 19 -290 114 -284 457 -406 731 -260 98 52 188 154 231 260 27 69 37 214 19 290 -38 163 -166 304 -326 360 -67 23 -215 33 -279 19z\"\/><\/g><\/svg><\/i> &nbsp;1,087&nbsp;total views<\/p><div class=\"pvc_clear\"><\/div>\n<figure class=\"wp-block-image size-large is-resized\"><a href=\"http:\/\/obcanskymonitoring.cz\/wp-content\/uploads\/2020\/12\/ios-e1612479660769.png\"><img loading=\"lazy\" src=\"http:\/\/obcanskymonitoring.cz\/wp-content\/uploads\/2020\/12\/ios-e1612479660769.png\" alt=\"\" class=\"wp-image-6978\" width=\"90\" height=\"30\"\/><\/a><\/figure>\n\n\n\n<p>Pln\u00fd n\u00e1zev dokumentu zn\u00ed \u201eVl\u00e1dn\u00ed n\u00e1vrh z\u00e1kona o zvl\u00e1\u0161tn\u00edch zp\u016fsobech hlasov\u00e1n\u00ed ve volb\u00e1ch do Poslaneck\u00e9 sn\u011bmovny Parlamentu \u010cesk\u00e9 republiky v roce 2021 a o zm\u011bn\u011b n\u011bkter\u00fdch z\u00e1kon\u016f\u201c. P\u0159edseda sn\u011bmovny vyhl\u00e1sil na n\u00e1vrh vl\u00e1dy stav legislativn\u00ed nouze, tak\u017ee n\u00e1vrh bude projedn\u00e1n ve zkr\u00e1cen\u00e9m jedn\u00e1n\u00ed s vynech\u00e1n\u00edm prvn\u00edho \u010dten\u00ed.<\/p>\n\n\n\n<p>Zvl\u00e1\u0161tn\u00ed zp\u016fsoby hlasov\u00e1n\u00ed se pou\u017eij\u00ed podm\u00edn\u011bn\u011b, pokud bude v&nbsp;dob\u011b voleb (15. z\u00e1\u0159\u00ed 2021) trvat kv\u016fli onemocn\u011bn\u00ed covid-19 stav pandemick\u00e9 pohotovosti nebo nouzov\u00fd stav vyhl\u00e1\u0161en\u00fd alespo\u0148 pro \u010d\u00e1st \u00fazem\u00ed \u010cesk\u00e9 republiky.<\/p>\n\n\n<p><!--more--><\/p>\n\n\n<p>Materi\u00e1l je zna\u010dn\u011b rozs\u00e1hl\u00fd a zav\u00e1d\u00ed \u010di up\u0159es\u0148uje \u0159adu opat\u0159en\u00ed a \u010dinnost\u00ed souvisej\u00edc\u00edch s&nbsp;volbami. Zav\u00e1d\u00ed mj. zm\u011bnu v \u00a7 4: <strong>P\u0159ek\u00e1\u017eka ve v\u00fdkonu volebn\u00edho pr\u00e1va<\/strong><\/p>\n\n\n\n<ol><li>P\u0159ek\u00e1\u017eka ve v\u00fdkonu volebn\u00edho pr\u00e1va stanoven\u00e1 volebn\u00edm z\u00e1konem pro osoby s omezenou osobn\u00ed svobodou z d\u016fvodu ochrany zdrav\u00ed lidu se nevztahuje na opr\u00e1vn\u011bn\u00e9ho voli\u010de, kter\u00fd p\u0159i volb\u00e1ch podle tohoto z\u00e1kona vyu\u017eije zvl\u00e1\u0161tn\u00edho zp\u016fsobu hlasov\u00e1n\u00ed.<\/li><li>Osoba prok\u00e1\u017ee, \u017ee je ke dni, v n\u011bm\u017e chce hlasovat zvl\u00e1\u0161tn\u00edm zp\u016fsobem hlasov\u00e1n\u00ed, v karant\u00e9n\u011b nebo izolaci, potvrzen\u00edm vydan\u00fdm poskytovatelem zdravotn\u00edch slu\u017eeb nebo rozhodnut\u00edm krajsk\u00e9 hygienick\u00e9 stanice anebo jin\u00fdm v\u011brohodn\u00fdm zp\u016fsobem, pop\u0159\u00edpad\u011b vypln\u00ed a vlastnoru\u010dn\u011b podep\u00ed\u0161e p\u0159ed komis\u00ed pro hlasov\u00e1n\u00ed \u010destn\u00e9 prohl\u00e1\u0161en\u00ed, \u017ee je v karant\u00e9n\u011b nebo izolaci. Za osobu v karant\u00e9n\u011b nebo izolaci se pova\u017euje t\u00e9\u017e osoba, kter\u00e1 se prok\u00e1\u017ee listinn\u00fdm nebo elektronick\u00fdm potvrzen\u00edm o pozitivn\u00edm v\u00fdsledku testu na p\u0159\u00edtomnost viru zp\u016fsobuj\u00edc\u00edho<\/li><\/ol>\n\n\n\n<p>Hlava II up\u0159es\u0148uje hlasov\u00e1n\u00ed u tzv. volebn\u00edho stanovi\u0161t\u011b<br>\u00a7 9: <strong>Z\u0159\u00edzen\u00ed volebn\u00edho stanovi\u0161t\u011b<\/strong><br>Krajsk\u00fd \u00fa\u0159ad po projedn\u00e1n\u00ed s Arm\u00e1dou \u010cesk\u00e9 republiky a s Polici\u00ed \u010cesk\u00e9 republiky z\u0159\u00edd\u00ed pro ka\u017ed\u00fd okres ve volebn\u00edm kraji alespo\u0148 1 volebn\u00ed stanovi\u0161t\u011b; sou\u010dasn\u011b stanov\u00ed, pro kter\u00fd okres, pop\u0159\u00edpad\u011b jakou jeho \u010d\u00e1st vymezenou v\u00fd\u010dtem \u00fazem\u00ed obc\u00ed je dan\u00e9 volebn\u00ed stanovi\u0161t\u011b z\u0159\u00edzeno. Na \u00fazem\u00ed hlavn\u00edho m\u011bsta Prahy z\u0159\u00edd\u00ed Magistr\u00e1t hlavn\u00edho m\u011bsta Prahy alespo\u0148 5 volebn\u00edch stanovi\u0161\u0165 tak, aby ka\u017ed\u00e1 m\u011bstsk\u00e1 \u010d\u00e1st spadala pod n\u011bkter\u00e9 volebn\u00ed stanovi\u0161t\u011b; sou\u010dasn\u011b stanov\u00ed, pro kter\u00e1 \u00fazem\u00ed jsou volebn\u00ed stanovi\u0161t\u011b z\u0159\u00edzena.<\/p>\n\n\n\n<p>\u00a7 10: <strong>Zp\u016fsob hlasov\u00e1n\u00ed u volebn\u00edho stanovi\u0161t\u011b<\/strong><br>Hlasovat u volebn\u00edho stanovi\u0161t\u011b lze v pr\u016fb\u011bhu druh\u00e9ho dne p\u0159ed prvn\u00edm dnem voleb v dob\u011b od 8 do 17 hodin, a to v\u00fdlu\u010dn\u011b ze silni\u010dn\u00edho motorov\u00e9ho vozidla, kter\u00fdm se k volebn\u00edmu stanovi\u0161ti opr\u00e1vn\u011bn\u00fd voli\u010d dostavil. P\u0159ed uzav\u0159en\u00edm volebn\u00edho stanovi\u0161t\u011b umo\u017en\u00ed komise pro hlasov\u00e1n\u00ed hlasovat opr\u00e1vn\u011bn\u00fdm voli\u010d\u016fm, kte\u0159\u00ed v 17 hodin \u010dekaj\u00ed na hlasov\u00e1n\u00ed p\u0159ed volebn\u00edm<br>stanovi\u0161t\u011bm. Z jednoho silni\u010dn\u00edho motorov\u00e9ho vozidla m\u016f\u017ee hlasovat v\u00edce opr\u00e1vn\u011bn\u00fdch voli\u010d\u016f.<\/p>\n\n\n\n<p>Cel\u00fd text n\u00e1vrhu z\u00e1kona najdete <a href=\"https:\/\/www.psp.cz\/sqw\/text\/orig2.sqw?idd=191646\">zde<\/a>.<\/p>\n<div data-counters='1' data-style='square' data-size='regular' data-url='https:\/\/obcanskymonitoring.cz\/?p=7698' data-title='Dokument: vl\u00e1dn\u00ed n\u00e1vrh z\u00e1kona o zvl\u00e1\u0161tn\u00edch zp\u016fsobech hlasov\u00e1n\u00ed v leto\u0161n\u00edch volb\u00e1ch' class='linksalpha_container linksalpha_app_3'><a href='\/\/www.linksalpha.com\/share?network='facebook' class='linksalpha_icon_facebook'><\/a><a href='\/\/www.linksalpha.com\/share?network='twitter' class='linksalpha_icon_twitter'><\/a><a href='\/\/www.linksalpha.com\/share?network='googleplus' class='linksalpha_icon_googleplus'><\/a><a href='\/\/www.linksalpha.com\/share?network='mail' class='linksalpha_icon_mail'><\/a><\/div><div data-position='' data-url='https:\/\/obcanskymonitoring.cz\/?p=7698' data-title='Dokument: vl\u00e1dn\u00ed n\u00e1vrh z\u00e1kona o zvl\u00e1\u0161tn\u00edch zp\u016fsobech hlasov\u00e1n\u00ed v leto\u0161n\u00edch volb\u00e1ch' class='linksalpha_container linksalpha_app_7'><a href='\/\/www.linksalpha.com\/share?network='facebook' class='linksalpha_icon_facebook'><\/a><a href='\/\/www.linksalpha.com\/share?network='twitter' class='linksalpha_icon_twitter'><\/a><a href='\/\/www.linksalpha.com\/share?network='googleplus' class='linksalpha_icon_googleplus'><\/a><a href='\/\/www.linksalpha.com\/share?network='mail' class='linksalpha_icon_mail'><\/a><\/div>","protected":false},"excerpt":{"rendered":"<p>&nbsp;1,087&nbsp;total views Pln\u00fd n\u00e1zev dokumentu zn\u00ed \u201eVl\u00e1dn\u00ed n\u00e1vrh z\u00e1kona o zvl\u00e1\u0161tn\u00edch zp\u016fsobech hlasov\u00e1n\u00ed ve volb\u00e1ch do Poslaneck\u00e9 sn\u011bmovny Parlamentu \u010cesk\u00e9 republiky v roce 2021 a o zm\u011bn\u011b n\u011bkter\u00fdch z\u00e1kon\u016f\u201c. P\u0159edseda sn\u011bmovny vyhl\u00e1sil na n\u00e1vrh vl\u00e1dy stav legislativn\u00ed nouze, tak\u017ee n\u00e1vrh bude projedn\u00e1n ve zkr\u00e1cen\u00e9m jedn\u00e1n\u00ed s vynech\u00e1n\u00edm prvn\u00edho \u010dten\u00ed. Zvl\u00e1\u0161tn\u00ed zp\u016fsoby hlasov\u00e1n\u00ed se pou\u017eij\u00ed podm\u00edn\u011bn\u011b, [&hellip;]<\/p>\n","protected":false},"author":3,"featured_media":0,"comment_status":"open","ping_status":"open","sticky":true,"template":"","format":"standard","meta":[],"categories":[19,7],"tags":[],"_links":{"self":[{"href":"https:\/\/obcanskymonitoring.cz\/index.php?rest_route=\/wp\/v2\/posts\/7698"}],"collection":[{"href":"https:\/\/obcanskymonitoring.cz\/index.php?rest_route=\/wp\/v2\/posts"}],"about":[{"href":"https:\/\/obcanskymonitoring.cz\/index.php?rest_route=\/wp\/v2\/types\/post"}],"author":[{"embeddable":true,"href":"https:\/\/obcanskymonitoring.cz\/index.php?rest_route=\/wp\/v2\/users\/3"}],"replies":[{"embeddable":true,"href":"https:\/\/obcanskymonitoring.cz\/index.php?rest_route=%2Fwp%2Fv2%2Fcomments&post=7698"}],"version-history":[{"count":2,"href":"https:\/\/obcanskymonitoring.cz\/index.php?rest_route=\/wp\/v2\/posts\/7698\/revisions"}],"predecessor-version":[{"id":7701,"href":"https:\/\/obcanskymonitoring.cz\/index.php?rest_route=\/wp\/v2\/posts\/7698\/revisions\/7701"}],"wp:attachment":[{"href":"https:\/\/obcanskymonitoring.cz\/index.php?rest_route=%2Fwp%2Fv2%2Fmedia&parent=7698"}],"wp:term":[{"taxonomy":"category","embeddable":true,"href":"https:\/\/obcanskymonitoring.cz\/index.php?rest_route=%2Fwp%2Fv2%2Fcategories&post=7698"},{"taxonomy":"post_tag","embeddable":true,"href":"https:\/\/obcanskymonitoring.cz\/index.php?rest_route=%2Fwp%2Fv2%2Ftags&post=7698"}],"curies":[{"name":"wp","href":"https:\/\/api.w.org\/{rel}","templated":true}]}}