{"id":7711,"date":"2021-06-21T11:23:18","date_gmt":"2021-06-21T11:23:18","guid":{"rendered":"http:\/\/obcanskymonitoring.cz\/?p=7711"},"modified":"2021-06-21T11:23:19","modified_gmt":"2021-06-21T11:23:19","slug":"petr-jesatko-je-treba-zmenu","status":"publish","type":"post","link":"https:\/\/obcanskymonitoring.cz\/?p=7711","title":{"rendered":"Petr Je\u0161\u00e1tko: Je t\u0159eba zm\u011bnu!"},"content":{"rendered":"<div class=\"pvc_clear\"><\/div><p class=\"pvc_stats total_only \" data-element-id=\"7711\" style=\"\"><i class=\"pvc-stats-icon medium\" aria-hidden=\"true\"><svg xmlns=\"http:\/\/www.w3.org\/2000\/svg\" version=\"1.0\" viewBox=\"0 0 502 315\" preserveAspectRatio=\"xMidYMid meet\"><g transform=\"translate(0,332) scale(0.1,-0.1)\" fill=\"\" stroke=\"none\"><path d=\"M2394 3279 l-29 -30 -3 -207 c-2 -182 0 -211 15 -242 39 -76 157 -76 196 0 15 31 17 60 15 243 l-3 209 -33 29 c-26 23 -41 29 -80 29 -41 0 -53 -5 -78 -31z\"\/><path d=\"M3085 3251 c-45 -19 -58 -50 -96 -229 -47 -217 -49 -260 -13 -295 52 -53 146 -42 177 20 16 31 87 366 87 410 0 70 -86 122 -155 94z\"\/><path d=\"M1751 3234 c-13 -9 -29 -31 -37 -50 -12 -29 -10 -49 21 -204 19 -94 39 -189 45 -210 14 -50 54 -80 110 -80 34 0 48 6 76 34 21 21 34 44 34 59 0 14 -18 113 -40 219 -37 178 -43 195 -70 221 -36 32 -101 37 -139 11z\"\/><path d=\"M1163 3073 c-36 -7 -73 -59 -73 -102 0 -56 133 -378 171 -413 34 -32 83 -37 129 -13 70 36 67 87 -16 290 -86 209 -89 214 -129 231 -35 14 -42 15 -82 7z\"\/><path d=\"M3689 3066 c-15 -9 -33 -30 -42 -48 -48 -103 -147 -355 -147 -375 0 -98 131 -148 192 -74 13 15 57 108 97 206 80 196 84 226 37 273 -30 30 -99 39 -137 18z\"\/><path d=\"M583 2784 c-38 -19 -67 -74 -58 -113 9 -42 211 -354 242 -373 16 -10 45 -18 66 -18 51 0 107 52 107 100 0 39 -1 41 -124 234 -80 126 -108 162 -133 173 -41 17 -61 16 -100 -3z\"\/><path d=\"M4250 2784 c-14 -9 -74 -91 -133 -183 -95 -150 -107 -173 -107 -213 0 -55 33 -94 87 -104 67 -13 90 8 211 198 130 202 137 225 78 284 -27 27 -42 34 -72 34 -22 0 -50 -8 -64 -16z\"\/><path d=\"M2275 2693 c-553 -48 -1095 -270 -1585 -649 -135 -104 -459 -423 -483 -476 -23 -49 -22 -139 2 -186 73 -142 361 -457 571 -626 285 -228 642 -407 990 -497 242 -63 336 -73 660 -74 310 0 370 5 595 52 535 111 1045 392 1455 803 122 121 250 273 275 326 19 41 19 137 0 174 -41 79 -309 363 -465 492 -447 370 -946 591 -1479 653 -113 14 -422 18 -536 8z m395 -428 c171 -34 330 -124 456 -258 112 -119 167 -219 211 -378 27 -96 24 -300 -5 -401 -72 -255 -236 -447 -474 -557 -132 -62 -201 -76 -368 -76 -167 0 -236 14 -368 76 -213 98 -373 271 -451 485 -162 444 86 934 547 1084 153 49 292 57 452 25z m909 -232 c222 -123 408 -262 593 -441 76 -74 138 -139 138 -144 0 -16 -233 -242 -330 -319 -155 -123 -309 -223 -461 -299 l-81 -41 32 46 c18 26 49 83 70 128 143 306 141 649 -6 957 -25 52 -61 116 -79 142 l-34 47 45 -20 c26 -10 76 -36 113 -56z m-2057 25 c-40 -58 -105 -190 -130 -263 -110 -324 -59 -707 132 -981 25 -35 42 -64 37 -64 -19 0 -241 119 -326 174 -188 122 -406 314 -532 468 l-58 71 108 103 c185 178 428 349 672 473 66 33 121 60 123 61 2 0 -10 -19 -26 -42z\"\/><path d=\"M2375 1950 c-198 -44 -350 -190 -395 -379 -18 -76 -8 -221 19 -290 114 -284 457 -406 731 -260 98 52 188 154 231 260 27 69 37 214 19 290 -38 163 -166 304 -326 360 -67 23 -215 33 -279 19z\"\/><\/g><\/svg><\/i> &nbsp;1,587&nbsp;total views<\/p><div class=\"pvc_clear\"><\/div>\n<figure class=\"wp-block-image size-large is-resized\"><a href=\"http:\/\/obcanskymonitoring.cz\/wp-content\/uploads\/2021\/05\/Jesatko-maly-e1620233295845.jpg\"><img loading=\"lazy\" src=\"http:\/\/obcanskymonitoring.cz\/wp-content\/uploads\/2021\/05\/Jesatko-maly-e1620233295845.jpg\" alt=\"\" class=\"wp-image-7595\" width=\"90\" height=\"102\"\/><\/a><\/figure>\n\n\n\n<p>Sleduji demonstraci na V\u00e1clavsk\u00e9m n\u00e1m\u011bst\u00ed, kde lid\u00e9 bez rozd\u00edlu v\u011bku, po\u017eaduj\u00ed demokracii v tomto st\u00e1t\u011b a pravdu od politik\u016f \u0159\u00edd\u00edc\u00edch tuto zemi. Bl\u00ed\u017e\u00ed se volby a je mo\u017eno zm\u011bnit sou\u010dasn\u00fd stav, kde le\u017e, podvody a ohlupov\u00e1n\u00ed ob\u010dan\u016f, se stalo b\u011b\u017enou sou\u010d\u00e1st\u00ed vl\u00e1dnouc\u00ed garnitury a jimi dosazen\u00fdch \u00fa\u0159edn\u00edk\u016f.<\/p>\n\n\n<p><!--more--><\/p>\n\n\n<p>Ti se \u0159\u00edd\u00ed heslem: Slibem nezarmout\u00ed\u0161! V pozad\u00ed v\u0161ak d\u011blaj\u00ed opak toho, co medializuj\u00ed, a bohu\u017eel jinak tomu nen\u00ed ani v N\u00e1rodn\u00edm parku \u0160umava ji\u017e sedm let. Pod heslem \u201eDivo\u010dina\u201c se t\u011bmto \u201ehoch\u016fm\u201c na obr\u00e1zku poda\u0159ilo v tichosti z nejv\u00edce z\u00e1konem v republice chr\u00e1n\u011bn\u00fdch les\u016f za toto kr\u00e1tk\u00e9 obdob\u00ed vyt\u011b\u017eit, odv\u00e9zt a prodat 1 milion 339 tis\u00edc 545 m<sup>3<\/sup> d\u0159\u00edv\u00ed a utr\u017eit za n\u011bj 1 miliardu 501 milion\u016f 281 tis\u00edc K\u010d!!! A na tuto fabriku na d\u0159\u00edv\u00ed je\u0161t\u011b dost\u00e1vali ro\u010dn\u011b stamilionov\u00e9 dotace.<\/p>\n\n\n\n<figure class=\"wp-block-image size-medium\"><a href=\"https:\/\/obcanskymonitoring.cz\/wp-content\/uploads\/2021\/06\/jes21-06.jpg\"><img loading=\"lazy\" width=\"300\" height=\"171\" src=\"https:\/\/obcanskymonitoring.cz\/wp-content\/uploads\/2021\/06\/jes21-06-300x171.jpg\" alt=\"\" class=\"wp-image-7712\" srcset=\"https:\/\/obcanskymonitoring.cz\/wp-content\/uploads\/2021\/06\/jes21-06-300x171.jpg 300w, https:\/\/obcanskymonitoring.cz\/wp-content\/uploads\/2021\/06\/jes21-06-768x439.jpg 768w, https:\/\/obcanskymonitoring.cz\/wp-content\/uploads\/2021\/06\/jes21-06.jpg 845w\" sizes=\"(max-width: 300px) 100vw, 300px\" \/><\/a><\/figure>\n\n\n\n<p>Pan Babi\u0161 a jeho stranick\u00fd pobo\u010dn\u00edk, ministr \u017eivotn\u00edho prost\u0159ed\u00ed Brabec, po sv\u00e9m n\u00e1stupu provedli person\u00e1ln\u00ed \u010distky, \u010ceskou inspekc\u00ed \u017eivotn\u00edho prost\u0159ed\u00ed po\u010d\u00ednaje. Ta p\u0159ece hoch\u016fm mus\u00ed zajistit: Klid na pr\u00e1ci! A tak \u010distky n\u00e1sledovaly a do funkc\u00ed se dost\u00e1vali ve st\u00e1tn\u00ed spr\u00e1v\u011b i v organizac\u00edch z\u0159\u00edzen\u00fdch st\u00e1tem ti poslu\u0161n\u00ed. Doslova sv\u011btov\u00e1 rarita, kde veden\u00ed dosazoval majitel d\u0159eva\u0159sk\u00fdch spole\u010dnost\u00ed po utajen\u00e9 n\u00e1v\u0161t\u011bv\u011b n\u00e1rodn\u00edho parku!<\/p>\n\n\n\n<p>L\u00e9ta na na\u0161ich str\u00e1nk\u00e1ch upozor\u0148ujeme na fakta z vlastn\u00ed lesn\u00ed hospod\u00e1\u0159sk\u00e9 evidence N\u00e1rodn\u00edho parku \u0160umava, ov\u0161em jak se zd\u00e1, mnoha politik\u016fm od komun\u00e1ln\u00ed \u00farovn\u011b po\u010d\u00ednaje p\u0159es nevl\u00e1dn\u00ed ekologick\u00e9 organizace a\u017e po n\u011bkter\u00e9 v\u011bdce fakta, tedy \u010d\u00edsla, nezaj\u00edmaj\u00ed. Politika se d\u011bl\u00e1 od doby opozi\u010dn\u00ed smlouvy slovy, sliby, nikoliv fakty a \u010diny. \u201eJe t\u0159eba zm\u011bnu!\u201c oz\u00fdv\u00e1 se dnes znovu, jako ji\u017e \u010dty\u0159i roky, na demonstrac\u00edch.<\/p>\n\n\n\n<p>Bude zm\u011bna po volb\u00e1ch a z n\u00e1rodn\u00edho parku p\u0159estane b\u00fdt lunapark a zejm\u00e9na fabrika na d\u0159\u00edv\u00ed, kde p\u0159ekupn\u00edci d\u0159eva si l\u00e9ta libuj\u00ed na \u201ep\u00e9\u010di o les\u201c, kter\u00e1 se v tomto n\u00e1rodn\u00edm parku, pod medi\u00e1ln\u00edm bl\u00e1bolen\u00edm, prov\u00e1d\u00ed?<\/p>\n\n\n\n<p><em>autor je b\u00fdval\u00fd vedouc\u00ed kalamitn\u00edho \u0161t\u00e1bu NP \u0160umava v roce 2010<\/em><\/p>\n\n\n\n<p>Viz tak\u00e9 \u010dl\u00e1nek <a href=\"https:\/\/obcanskymonitoring.cz\/?p=6871\">Petr Je\u0161\u00e1tko: N\u00e1rodn\u00ed park \u0160umava v rukou ministra Brabce po \u0161esti letech<\/a> <\/p>\n<div data-counters='1' data-style='square' data-size='regular' data-url='https:\/\/obcanskymonitoring.cz\/?p=7711' data-title='Petr Je\u0161\u00e1tko: Je t\u0159eba zm\u011bnu!' class='linksalpha_container linksalpha_app_3'><a href='\/\/www.linksalpha.com\/share?network='facebook' class='linksalpha_icon_facebook'><\/a><a href='\/\/www.linksalpha.com\/share?network='twitter' class='linksalpha_icon_twitter'><\/a><a href='\/\/www.linksalpha.com\/share?network='googleplus' class='linksalpha_icon_googleplus'><\/a><a href='\/\/www.linksalpha.com\/share?network='mail' class='linksalpha_icon_mail'><\/a><\/div><div data-position='' data-url='https:\/\/obcanskymonitoring.cz\/?p=7711' data-title='Petr Je\u0161\u00e1tko: Je t\u0159eba zm\u011bnu!' class='linksalpha_container linksalpha_app_7'><a href='\/\/www.linksalpha.com\/share?network='facebook' class='linksalpha_icon_facebook'><\/a><a href='\/\/www.linksalpha.com\/share?network='twitter' class='linksalpha_icon_twitter'><\/a><a href='\/\/www.linksalpha.com\/share?network='googleplus' class='linksalpha_icon_googleplus'><\/a><a href='\/\/www.linksalpha.com\/share?network='mail' class='linksalpha_icon_mail'><\/a><\/div>","protected":false},"excerpt":{"rendered":"<p>&nbsp;1,587&nbsp;total views Sleduji demonstraci na V\u00e1clavsk\u00e9m n\u00e1m\u011bst\u00ed, kde lid\u00e9 bez rozd\u00edlu v\u011bku, po\u017eaduj\u00ed demokracii v tomto st\u00e1t\u011b a pravdu od politik\u016f \u0159\u00edd\u00edc\u00edch tuto zemi. Bl\u00ed\u017e\u00ed se volby a je mo\u017eno zm\u011bnit sou\u010dasn\u00fd stav, kde le\u017e, podvody a ohlupov\u00e1n\u00ed ob\u010dan\u016f, se stalo b\u011b\u017enou sou\u010d\u00e1st\u00ed vl\u00e1dnouc\u00ed garnitury a jimi dosazen\u00fdch \u00fa\u0159edn\u00edk\u016f.<\/p>\n","protected":false},"author":3,"featured_media":0,"comment_status":"open","ping_status":"open","sticky":true,"template":"","format":"standard","meta":[],"categories":[18,21,29],"tags":[],"_links":{"self":[{"href":"https:\/\/obcanskymonitoring.cz\/index.php?rest_route=\/wp\/v2\/posts\/7711"}],"collection":[{"href":"https:\/\/obcanskymonitoring.cz\/index.php?rest_route=\/wp\/v2\/posts"}],"about":[{"href":"https:\/\/obcanskymonitoring.cz\/index.php?rest_route=\/wp\/v2\/types\/post"}],"author":[{"embeddable":true,"href":"https:\/\/obcanskymonitoring.cz\/index.php?rest_route=\/wp\/v2\/users\/3"}],"replies":[{"embeddable":true,"href":"https:\/\/obcanskymonitoring.cz\/index.php?rest_route=%2Fwp%2Fv2%2Fcomments&post=7711"}],"version-history":[{"count":7,"href":"https:\/\/obcanskymonitoring.cz\/index.php?rest_route=\/wp\/v2\/posts\/7711\/revisions"}],"predecessor-version":[{"id":7719,"href":"https:\/\/obcanskymonitoring.cz\/index.php?rest_route=\/wp\/v2\/posts\/7711\/revisions\/7719"}],"wp:attachment":[{"href":"https:\/\/obcanskymonitoring.cz\/index.php?rest_route=%2Fwp%2Fv2%2Fmedia&parent=7711"}],"wp:term":[{"taxonomy":"category","embeddable":true,"href":"https:\/\/obcanskymonitoring.cz\/index.php?rest_route=%2Fwp%2Fv2%2Fcategories&post=7711"},{"taxonomy":"post_tag","embeddable":true,"href":"https:\/\/obcanskymonitoring.cz\/index.php?rest_route=%2Fwp%2Fv2%2Ftags&post=7711"}],"curies":[{"name":"wp","href":"https:\/\/api.w.org\/{rel}","templated":true}]}}