{"id":7740,"date":"2021-07-08T00:43:00","date_gmt":"2021-07-08T00:43:00","guid":{"rendered":"http:\/\/obcanskymonitoring.cz\/?p=7740"},"modified":"2021-07-07T10:47:59","modified_gmt":"2021-07-07T10:47:59","slug":"dokument-video-zpochybnujici-vyhlaseni-nouzoveho-stavu","status":"publish","type":"post","link":"https:\/\/obcanskymonitoring.cz\/?p=7740","title":{"rendered":"Dokument: video zpochyb\u0148uj\u00edc\u00ed vyhl\u00e1\u0161en\u00ed nouzov\u00e9ho stavu"},"content":{"rendered":"<div class=\"pvc_clear\"><\/div><p class=\"pvc_stats total_only \" data-element-id=\"7740\" style=\"\"><i class=\"pvc-stats-icon medium\" aria-hidden=\"true\"><svg xmlns=\"http:\/\/www.w3.org\/2000\/svg\" version=\"1.0\" viewBox=\"0 0 502 315\" preserveAspectRatio=\"xMidYMid meet\"><g transform=\"translate(0,332) scale(0.1,-0.1)\" fill=\"\" stroke=\"none\"><path d=\"M2394 3279 l-29 -30 -3 -207 c-2 -182 0 -211 15 -242 39 -76 157 -76 196 0 15 31 17 60 15 243 l-3 209 -33 29 c-26 23 -41 29 -80 29 -41 0 -53 -5 -78 -31z\"\/><path d=\"M3085 3251 c-45 -19 -58 -50 -96 -229 -47 -217 -49 -260 -13 -295 52 -53 146 -42 177 20 16 31 87 366 87 410 0 70 -86 122 -155 94z\"\/><path d=\"M1751 3234 c-13 -9 -29 -31 -37 -50 -12 -29 -10 -49 21 -204 19 -94 39 -189 45 -210 14 -50 54 -80 110 -80 34 0 48 6 76 34 21 21 34 44 34 59 0 14 -18 113 -40 219 -37 178 -43 195 -70 221 -36 32 -101 37 -139 11z\"\/><path d=\"M1163 3073 c-36 -7 -73 -59 -73 -102 0 -56 133 -378 171 -413 34 -32 83 -37 129 -13 70 36 67 87 -16 290 -86 209 -89 214 -129 231 -35 14 -42 15 -82 7z\"\/><path d=\"M3689 3066 c-15 -9 -33 -30 -42 -48 -48 -103 -147 -355 -147 -375 0 -98 131 -148 192 -74 13 15 57 108 97 206 80 196 84 226 37 273 -30 30 -99 39 -137 18z\"\/><path d=\"M583 2784 c-38 -19 -67 -74 -58 -113 9 -42 211 -354 242 -373 16 -10 45 -18 66 -18 51 0 107 52 107 100 0 39 -1 41 -124 234 -80 126 -108 162 -133 173 -41 17 -61 16 -100 -3z\"\/><path d=\"M4250 2784 c-14 -9 -74 -91 -133 -183 -95 -150 -107 -173 -107 -213 0 -55 33 -94 87 -104 67 -13 90 8 211 198 130 202 137 225 78 284 -27 27 -42 34 -72 34 -22 0 -50 -8 -64 -16z\"\/><path d=\"M2275 2693 c-553 -48 -1095 -270 -1585 -649 -135 -104 -459 -423 -483 -476 -23 -49 -22 -139 2 -186 73 -142 361 -457 571 -626 285 -228 642 -407 990 -497 242 -63 336 -73 660 -74 310 0 370 5 595 52 535 111 1045 392 1455 803 122 121 250 273 275 326 19 41 19 137 0 174 -41 79 -309 363 -465 492 -447 370 -946 591 -1479 653 -113 14 -422 18 -536 8z m395 -428 c171 -34 330 -124 456 -258 112 -119 167 -219 211 -378 27 -96 24 -300 -5 -401 -72 -255 -236 -447 -474 -557 -132 -62 -201 -76 -368 -76 -167 0 -236 14 -368 76 -213 98 -373 271 -451 485 -162 444 86 934 547 1084 153 49 292 57 452 25z m909 -232 c222 -123 408 -262 593 -441 76 -74 138 -139 138 -144 0 -16 -233 -242 -330 -319 -155 -123 -309 -223 -461 -299 l-81 -41 32 46 c18 26 49 83 70 128 143 306 141 649 -6 957 -25 52 -61 116 -79 142 l-34 47 45 -20 c26 -10 76 -36 113 -56z m-2057 25 c-40 -58 -105 -190 -130 -263 -110 -324 -59 -707 132 -981 25 -35 42 -64 37 -64 -19 0 -241 119 -326 174 -188 122 -406 314 -532 468 l-58 71 108 103 c185 178 428 349 672 473 66 33 121 60 123 61 2 0 -10 -19 -26 -42z\"\/><path d=\"M2375 1950 c-198 -44 -350 -190 -395 -379 -18 -76 -8 -221 19 -290 114 -284 457 -406 731 -260 98 52 188 154 231 260 27 69 37 214 19 290 -38 163 -166 304 -326 360 -67 23 -215 33 -279 19z\"\/><\/g><\/svg><\/i> &nbsp;1,182&nbsp;total views<\/p><div class=\"pvc_clear\"><\/div>\n<figure class=\"wp-block-image size-large is-resized is-style-default\"><a href=\"http:\/\/obcanskymonitoring.cz\/wp-content\/uploads\/2020\/12\/ios-e1612479660769.png\"><img loading=\"lazy\" src=\"http:\/\/obcanskymonitoring.cz\/wp-content\/uploads\/2020\/12\/ios-e1612479660769.png\" alt=\"\" class=\"wp-image-6978\" width=\"90\" height=\"30\"\/><\/a><\/figure>\n\n\n\n<p>Ve videu (zdroj: FB) mluv\u00ed na neidentifikovateln\u00e9 televizn\u00ed stanici neidentifikovan\u00e1 \u017eena o tom, \u017ee epidemii \u201evyhl\u00e1sili politici\u201c. Podle n\u00ed ji maj\u00ed vyhla\u0161ovat epidemiologick\u00e9 stanice, z\u00a0nich\u017e to v\u00a0letech 2020 a 2021 neu\u010dinila ani jedna. Na z\u00e1v\u011br ve\u0159ejn\u011b vyz\u00fdv\u00e1 hlavn\u00ed hygieni\u010dku k\u00a0vysv\u011btlen\u00ed: pro\u010d byla epidemie vyhl\u00e1\u0161ena? Bez ohledu na nedostate\u010dnou identifikaci je tato ot\u00e1zka legitimn\u00ed.<\/p>\n\n\n<p><!--more--><\/p>\n\n\n<p>K\u00a0\u201evyhl\u00e1\u0161en\u00ed epidemie\u201c je t\u0159eba, aby po\u010det <strong>v\u0161ech<\/strong> respira\u010dn\u00edch nemoc\u00ed p\u0159es\u00e1hl epidemick\u00fd pr\u00e1h, kter\u00fd \u010din\u00ed 1600 a\u017e 1800 klinicky nemocn\u00fdch s\u00a0akutn\u00edmi respira\u010dn\u00edmi nemocemi na 100 tis\u00edc obyvatel (p\u016fvodn\u00ed pr\u00e1h byl 2000). V\u00a0p\u0159epo\u010dtu to \u010din\u00ed 160 tis\u00edc nemocn\u00fdch na republiku. <br>Podle zm\u00edn\u011bn\u00e9 \u017eeny, kter\u00e1 by m\u011bla b\u00fdt hygieni\u010dka, bylo t\u011bch onemocn\u011bn\u00ed ani ne 40 tis\u00edc, tedy \u010dtvrtina. Mezi kalkulovan\u00e1 respira\u010dn\u00ed onemocn\u011bn\u00ed pat\u0159\u00ed podle hygieni\u010dky r\u00fdma, ka\u0161el, ch\u0159ipka, z\u00e1n\u011bty dutin, nosohltanu, z\u00e1pal plic atd. \u2013 \u201e\u00fapln\u011b v\u0161echno\u201c. Sleduje se po\u010det za posledn\u00edch t\u00fdden.<br>Podle statistik na webu ministerstva zdravotnictv\u00ed v\u0161ak dos\u00e1hl po\u010det nemocn\u00fdch jen na covid-19 po\u010dtu 160 tis\u00edc u\u017e 16. \u0159\u00edjna 2010 se znateln\u00fdm n\u00e1r\u016fstem po\u010d\u00e1tkem z\u00e1\u0159\u00ed a razantn\u00edm od druh\u00e9ho t\u00fddne m\u011bs\u00edce \u0159\u00edjna.<\/p>\n\n\n\n<p>Pro \u00faplnost dod\u00e1v\u00e1m, \u017ee od roku 2001 existuje Pandemick\u00fd pl\u00e1n \u010cR. Tehdy vznikl kv\u016fli ch\u0159ipkov\u00fdm epidemi\u00edm. Je postaven tak, aby se dal pou\u017e\u00edt obecn\u011b na epidemie, proto vymezuje \u201epos\u00edlen\u00ed n\u00e1rodn\u00edho syst\u00e9mu rychl\u00e9ho varov\u00e1n\u00ed pro v\u010dasn\u00e9 zachycen\u00ed mo\u017en\u00e9ho onemocn\u011bn\u00ed zp\u016fsoben\u00e9ho pandemick\u00fdm kmenem\u201c. Za t\u00edm \u00fa\u010delem obsahuje pravidla a postupy, kter\u00e9 p\u0159\u00edslu\u0161\u00ed jednotliv\u00fdm sektor\u016fm spole\u010dnosti, a to v\u010detn\u011b koordinace. Pandemie nen\u00ed z\u00e1le\u017eitost jednoho org\u00e1nu. Nap\u0159\u00edklad vyhl\u00e1\u0161en\u00ed krizov\u00e9ho stavu podle situace v\u010detn\u011b zaveden\u00ed pot\u0159ebn\u00fdch krizov\u00fdch opat\u0159en\u00ed m\u00e1 v kompetenci vl\u00e1da a kraje.<\/p>\n\n\n\n<p>Z\u00e1znam \u010d\u00e1sti rozhovoru je k\u00a0dispozici <a href=\"https:\/\/www.facebook.com\/messenger_media\/?thread_id=1455254235&amp;attachment_id=503905064266879&amp;message_id=mid.%24cAABa90qWd2yAptKpG16dY05lDF3J\">zde<\/a>.<br>Pandemick\u00fd pl\u00e1n \u010cR najdete <a href=\"https:\/\/www.vlada.cz\/assets\/ppov\/brs\/dokumenty\/Pandemicky_plan_CR.pdf\">zde<\/a>.<br>Kumulativn\u00ed p\u0159ehledy ministerstva zdravotnictv\u00ed najdete <a href=\"https:\/\/onemocneni-aktualne.mzcr.cz\/covid-19\/kumulativni-prehledy\">zde<\/a>.<\/p>\n<div data-counters='1' data-style='square' data-size='regular' data-url='https:\/\/obcanskymonitoring.cz\/?p=7740' data-title='Dokument: video zpochyb\u0148uj\u00edc\u00ed vyhl\u00e1\u0161en\u00ed nouzov\u00e9ho stavu' class='linksalpha_container linksalpha_app_3'><a href='\/\/www.linksalpha.com\/share?network='facebook' class='linksalpha_icon_facebook'><\/a><a href='\/\/www.linksalpha.com\/share?network='twitter' class='linksalpha_icon_twitter'><\/a><a href='\/\/www.linksalpha.com\/share?network='googleplus' class='linksalpha_icon_googleplus'><\/a><a href='\/\/www.linksalpha.com\/share?network='mail' class='linksalpha_icon_mail'><\/a><\/div><div data-position='' data-url='https:\/\/obcanskymonitoring.cz\/?p=7740' data-title='Dokument: video zpochyb\u0148uj\u00edc\u00ed vyhl\u00e1\u0161en\u00ed nouzov\u00e9ho stavu' class='linksalpha_container linksalpha_app_7'><a href='\/\/www.linksalpha.com\/share?network='facebook' class='linksalpha_icon_facebook'><\/a><a href='\/\/www.linksalpha.com\/share?network='twitter' class='linksalpha_icon_twitter'><\/a><a href='\/\/www.linksalpha.com\/share?network='googleplus' class='linksalpha_icon_googleplus'><\/a><a href='\/\/www.linksalpha.com\/share?network='mail' class='linksalpha_icon_mail'><\/a><\/div>","protected":false},"excerpt":{"rendered":"<p>&nbsp;1,182&nbsp;total views Ve videu (zdroj: FB) mluv\u00ed na neidentifikovateln\u00e9 televizn\u00ed stanici neidentifikovan\u00e1 \u017eena o tom, \u017ee epidemii \u201evyhl\u00e1sili politici\u201c. Podle n\u00ed ji maj\u00ed vyhla\u0161ovat epidemiologick\u00e9 stanice, z\u00a0nich\u017e to v\u00a0letech 2020 a 2021 neu\u010dinila ani jedna. Na z\u00e1v\u011br ve\u0159ejn\u011b vyz\u00fdv\u00e1 hlavn\u00ed hygieni\u010dku k\u00a0vysv\u011btlen\u00ed: pro\u010d byla epidemie vyhl\u00e1\u0161ena? Bez ohledu na nedostate\u010dnou identifikaci je tato ot\u00e1zka legitimn\u00ed.<\/p>\n","protected":false},"author":3,"featured_media":0,"comment_status":"open","ping_status":"open","sticky":true,"template":"","format":"standard","meta":[],"categories":[19,7,40,37],"tags":[],"_links":{"self":[{"href":"https:\/\/obcanskymonitoring.cz\/index.php?rest_route=\/wp\/v2\/posts\/7740"}],"collection":[{"href":"https:\/\/obcanskymonitoring.cz\/index.php?rest_route=\/wp\/v2\/posts"}],"about":[{"href":"https:\/\/obcanskymonitoring.cz\/index.php?rest_route=\/wp\/v2\/types\/post"}],"author":[{"embeddable":true,"href":"https:\/\/obcanskymonitoring.cz\/index.php?rest_route=\/wp\/v2\/users\/3"}],"replies":[{"embeddable":true,"href":"https:\/\/obcanskymonitoring.cz\/index.php?rest_route=%2Fwp%2Fv2%2Fcomments&post=7740"}],"version-history":[{"count":3,"href":"https:\/\/obcanskymonitoring.cz\/index.php?rest_route=\/wp\/v2\/posts\/7740\/revisions"}],"predecessor-version":[{"id":7744,"href":"https:\/\/obcanskymonitoring.cz\/index.php?rest_route=\/wp\/v2\/posts\/7740\/revisions\/7744"}],"wp:attachment":[{"href":"https:\/\/obcanskymonitoring.cz\/index.php?rest_route=%2Fwp%2Fv2%2Fmedia&parent=7740"}],"wp:term":[{"taxonomy":"category","embeddable":true,"href":"https:\/\/obcanskymonitoring.cz\/index.php?rest_route=%2Fwp%2Fv2%2Fcategories&post=7740"},{"taxonomy":"post_tag","embeddable":true,"href":"https:\/\/obcanskymonitoring.cz\/index.php?rest_route=%2Fwp%2Fv2%2Ftags&post=7740"}],"curies":[{"name":"wp","href":"https:\/\/api.w.org\/{rel}","templated":true}]}}