{"id":7763,"date":"2021-07-23T09:19:39","date_gmt":"2021-07-23T09:19:39","guid":{"rendered":"http:\/\/obcanskymonitoring.cz\/?p=7763"},"modified":"2021-07-23T09:19:40","modified_gmt":"2021-07-23T09:19:40","slug":"dokument-interpelace-ve-veci-financni-podpory-firem-holdingu-agrofert","status":"publish","type":"post","link":"https:\/\/obcanskymonitoring.cz\/?p=7763","title":{"rendered":"Dokument: Interpelace ve v\u011bci finan\u010dn\u00ed podpory firem holdingu Agrofert"},"content":{"rendered":"<div class=\"pvc_clear\"><\/div><p class=\"pvc_stats total_only \" data-element-id=\"7763\" style=\"\"><i class=\"pvc-stats-icon medium\" aria-hidden=\"true\"><svg xmlns=\"http:\/\/www.w3.org\/2000\/svg\" version=\"1.0\" viewBox=\"0 0 502 315\" preserveAspectRatio=\"xMidYMid meet\"><g transform=\"translate(0,332) scale(0.1,-0.1)\" fill=\"\" stroke=\"none\"><path d=\"M2394 3279 l-29 -30 -3 -207 c-2 -182 0 -211 15 -242 39 -76 157 -76 196 0 15 31 17 60 15 243 l-3 209 -33 29 c-26 23 -41 29 -80 29 -41 0 -53 -5 -78 -31z\"\/><path d=\"M3085 3251 c-45 -19 -58 -50 -96 -229 -47 -217 -49 -260 -13 -295 52 -53 146 -42 177 20 16 31 87 366 87 410 0 70 -86 122 -155 94z\"\/><path d=\"M1751 3234 c-13 -9 -29 -31 -37 -50 -12 -29 -10 -49 21 -204 19 -94 39 -189 45 -210 14 -50 54 -80 110 -80 34 0 48 6 76 34 21 21 34 44 34 59 0 14 -18 113 -40 219 -37 178 -43 195 -70 221 -36 32 -101 37 -139 11z\"\/><path d=\"M1163 3073 c-36 -7 -73 -59 -73 -102 0 -56 133 -378 171 -413 34 -32 83 -37 129 -13 70 36 67 87 -16 290 -86 209 -89 214 -129 231 -35 14 -42 15 -82 7z\"\/><path d=\"M3689 3066 c-15 -9 -33 -30 -42 -48 -48 -103 -147 -355 -147 -375 0 -98 131 -148 192 -74 13 15 57 108 97 206 80 196 84 226 37 273 -30 30 -99 39 -137 18z\"\/><path d=\"M583 2784 c-38 -19 -67 -74 -58 -113 9 -42 211 -354 242 -373 16 -10 45 -18 66 -18 51 0 107 52 107 100 0 39 -1 41 -124 234 -80 126 -108 162 -133 173 -41 17 -61 16 -100 -3z\"\/><path d=\"M4250 2784 c-14 -9 -74 -91 -133 -183 -95 -150 -107 -173 -107 -213 0 -55 33 -94 87 -104 67 -13 90 8 211 198 130 202 137 225 78 284 -27 27 -42 34 -72 34 -22 0 -50 -8 -64 -16z\"\/><path d=\"M2275 2693 c-553 -48 -1095 -270 -1585 -649 -135 -104 -459 -423 -483 -476 -23 -49 -22 -139 2 -186 73 -142 361 -457 571 -626 285 -228 642 -407 990 -497 242 -63 336 -73 660 -74 310 0 370 5 595 52 535 111 1045 392 1455 803 122 121 250 273 275 326 19 41 19 137 0 174 -41 79 -309 363 -465 492 -447 370 -946 591 -1479 653 -113 14 -422 18 -536 8z m395 -428 c171 -34 330 -124 456 -258 112 -119 167 -219 211 -378 27 -96 24 -300 -5 -401 -72 -255 -236 -447 -474 -557 -132 -62 -201 -76 -368 -76 -167 0 -236 14 -368 76 -213 98 -373 271 -451 485 -162 444 86 934 547 1084 153 49 292 57 452 25z m909 -232 c222 -123 408 -262 593 -441 76 -74 138 -139 138 -144 0 -16 -233 -242 -330 -319 -155 -123 -309 -223 -461 -299 l-81 -41 32 46 c18 26 49 83 70 128 143 306 141 649 -6 957 -25 52 -61 116 -79 142 l-34 47 45 -20 c26 -10 76 -36 113 -56z m-2057 25 c-40 -58 -105 -190 -130 -263 -110 -324 -59 -707 132 -981 25 -35 42 -64 37 -64 -19 0 -241 119 -326 174 -188 122 -406 314 -532 468 l-58 71 108 103 c185 178 428 349 672 473 66 33 121 60 123 61 2 0 -10 -19 -26 -42z\"\/><path d=\"M2375 1950 c-198 -44 -350 -190 -395 -379 -18 -76 -8 -221 19 -290 114 -284 457 -406 731 -260 98 52 188 154 231 260 27 69 37 214 19 290 -38 163 -166 304 -326 360 -67 23 -215 33 -279 19z\"\/><\/g><\/svg><\/i> &nbsp;1,245&nbsp;total views<\/p><div class=\"pvc_clear\"><\/div>\n<figure class=\"wp-block-image size-large is-resized is-style-default\"><a href=\"http:\/\/obcanskymonitoring.cz\/wp-content\/uploads\/2020\/12\/ios-e1612479660769.png\"><img loading=\"lazy\" src=\"http:\/\/obcanskymonitoring.cz\/wp-content\/uploads\/2020\/12\/ios-e1612479660769.png\" alt=\"\" class=\"wp-image-6978\" width=\"90\" height=\"30\"\/><\/a><\/figure>\n\n\n\n<p>Jedn\u00e1 se o p\u00edsemnou interpelaci poslance Petra Bendla na m\u00edstop\u0159edsedu vl\u00e1dy, ministra pr\u016fmyslu a obchodu a ministra dopravy Karla Havl\u00ed\u010dka ve v\u011bci finan\u010dn\u00ed podpory firem holdingu Agrofert. Poslanec vych\u00e1z\u00ed z&nbsp;toho, \u017ee podle ofici\u00e1ln\u00edch vyj\u00e1d\u0159en\u00ed firmy holdingu k&nbsp;auditu EU Agrofert z\u00edskan\u00e9 dotace vracet nebudou, nebo\u0165 nebyly proplaceny ze zdroj\u016f EU, ale ze st\u00e1tn\u00edho rozpo\u010dtu.<\/p>\n\n\n<p><!--more--><\/p>\n\n\n<p>P. Bendl se K. Havl\u00ed\u010dka t\u00e1\u017ee:<\/p>\n\n\n\n<ul><li>Kter\u00e9 firmy, ke kter\u00e9mu datu a v jak\u00e9m objemu, z holdingu Agrofert v obdob\u00ed 2014-2021, \u010derpaly finan\u010dn\u00ed dotace, podpory \u010di investi\u010dn\u00ed pob\u00eddky (odpu\u0161t\u011bn\u00ed dan\u00ed \u010di poplatk\u016f) ze zdroj\u016f v r\u00e1mci gesce va\u0161eho ministerstva?<\/li><li>Kdo rozhodl o jejich ud\u011blen\u00ed?<\/li><li>Budete po\u017eadovat vr\u00e1cen\u00ed podpor? Pokud ano, jak\u00e9 kroky jste v t\u00e9to v\u011bci ji\u017e u\u010dinili nebo se chyst\u00e1te u\u010dinit?<\/li><li>Z jak\u00fdch zdroj\u016f byly finan\u010dn\u00ed podpory poskytnuty? Z kter\u00e9 konkr\u00e9tn\u00ed polo\u017eky a kapitoly st\u00e1tn\u00edho rozpo\u010dtu, p\u0159\u00edpadn\u011b z rozpo\u010dtu kter\u00e9 instituce nebo organizace, a na z\u00e1klad\u011b jak\u00fdch pravidel?<\/li><\/ul>\n\n\n\n<p>Detailn\u00ed a ob\u0161\u00edrnou odpov\u011b\u010f v\u010detn\u011b \u0159ady tabulek s\u00a0p\u0159ehledy dotac\u00ed najdete <a href=\"https:\/\/www.psp.cz\/sqw\/text\/orig2.sqw?idd=191367\">zde<\/a>.<\/p>\n<div data-counters='1' data-style='square' data-size='regular' data-url='https:\/\/obcanskymonitoring.cz\/?p=7763' data-title='Dokument: Interpelace ve v\u011bci finan\u010dn\u00ed podpory firem holdingu Agrofert' class='linksalpha_container linksalpha_app_3'><a href='\/\/www.linksalpha.com\/share?network='facebook' class='linksalpha_icon_facebook'><\/a><a href='\/\/www.linksalpha.com\/share?network='twitter' class='linksalpha_icon_twitter'><\/a><a href='\/\/www.linksalpha.com\/share?network='googleplus' class='linksalpha_icon_googleplus'><\/a><a href='\/\/www.linksalpha.com\/share?network='mail' class='linksalpha_icon_mail'><\/a><\/div><div data-position='' data-url='https:\/\/obcanskymonitoring.cz\/?p=7763' data-title='Dokument: Interpelace ve v\u011bci finan\u010dn\u00ed podpory firem holdingu Agrofert' class='linksalpha_container linksalpha_app_7'><a href='\/\/www.linksalpha.com\/share?network='facebook' class='linksalpha_icon_facebook'><\/a><a href='\/\/www.linksalpha.com\/share?network='twitter' class='linksalpha_icon_twitter'><\/a><a href='\/\/www.linksalpha.com\/share?network='googleplus' class='linksalpha_icon_googleplus'><\/a><a href='\/\/www.linksalpha.com\/share?network='mail' class='linksalpha_icon_mail'><\/a><\/div>","protected":false},"excerpt":{"rendered":"<p>&nbsp;1,245&nbsp;total views Jedn\u00e1 se o p\u00edsemnou interpelaci poslance Petra Bendla na m\u00edstop\u0159edsedu vl\u00e1dy, ministra pr\u016fmyslu a obchodu a ministra dopravy Karla Havl\u00ed\u010dka ve v\u011bci finan\u010dn\u00ed podpory firem holdingu Agrofert. Poslanec vych\u00e1z\u00ed z&nbsp;toho, \u017ee podle ofici\u00e1ln\u00edch vyj\u00e1d\u0159en\u00ed firmy holdingu k&nbsp;auditu EU Agrofert z\u00edskan\u00e9 dotace vracet nebudou, nebo\u0165 nebyly proplaceny ze zdroj\u016f EU, ale ze st\u00e1tn\u00edho rozpo\u010dtu.<\/p>\n","protected":false},"author":3,"featured_media":0,"comment_status":"open","ping_status":"open","sticky":true,"template":"","format":"standard","meta":[],"categories":[19,30,32],"tags":[],"_links":{"self":[{"href":"https:\/\/obcanskymonitoring.cz\/index.php?rest_route=\/wp\/v2\/posts\/7763"}],"collection":[{"href":"https:\/\/obcanskymonitoring.cz\/index.php?rest_route=\/wp\/v2\/posts"}],"about":[{"href":"https:\/\/obcanskymonitoring.cz\/index.php?rest_route=\/wp\/v2\/types\/post"}],"author":[{"embeddable":true,"href":"https:\/\/obcanskymonitoring.cz\/index.php?rest_route=\/wp\/v2\/users\/3"}],"replies":[{"embeddable":true,"href":"https:\/\/obcanskymonitoring.cz\/index.php?rest_route=%2Fwp%2Fv2%2Fcomments&post=7763"}],"version-history":[{"count":1,"href":"https:\/\/obcanskymonitoring.cz\/index.php?rest_route=\/wp\/v2\/posts\/7763\/revisions"}],"predecessor-version":[{"id":7764,"href":"https:\/\/obcanskymonitoring.cz\/index.php?rest_route=\/wp\/v2\/posts\/7763\/revisions\/7764"}],"wp:attachment":[{"href":"https:\/\/obcanskymonitoring.cz\/index.php?rest_route=%2Fwp%2Fv2%2Fmedia&parent=7763"}],"wp:term":[{"taxonomy":"category","embeddable":true,"href":"https:\/\/obcanskymonitoring.cz\/index.php?rest_route=%2Fwp%2Fv2%2Fcategories&post=7763"},{"taxonomy":"post_tag","embeddable":true,"href":"https:\/\/obcanskymonitoring.cz\/index.php?rest_route=%2Fwp%2Fv2%2Ftags&post=7763"}],"curies":[{"name":"wp","href":"https:\/\/api.w.org\/{rel}","templated":true}]}}