{"id":7765,"date":"2021-07-25T12:31:19","date_gmt":"2021-07-25T12:31:19","guid":{"rendered":"http:\/\/obcanskymonitoring.cz\/?p=7765"},"modified":"2021-07-25T12:31:33","modified_gmt":"2021-07-25T12:31:33","slug":"petr-jesatko-sumava-dnes-zaziva-napor-turistu","status":"publish","type":"post","link":"https:\/\/obcanskymonitoring.cz\/?p=7765","title":{"rendered":"Petr Je\u0161\u00e1tko: \u0160umava dnes za\u017e\u00edv\u00e1 n\u00e1por turist\u016f"},"content":{"rendered":"<div class=\"pvc_clear\"><\/div><p class=\"pvc_stats total_only \" data-element-id=\"7765\" style=\"\"><i class=\"pvc-stats-icon medium\" aria-hidden=\"true\"><svg xmlns=\"http:\/\/www.w3.org\/2000\/svg\" version=\"1.0\" viewBox=\"0 0 502 315\" preserveAspectRatio=\"xMidYMid meet\"><g transform=\"translate(0,332) scale(0.1,-0.1)\" fill=\"\" stroke=\"none\"><path d=\"M2394 3279 l-29 -30 -3 -207 c-2 -182 0 -211 15 -242 39 -76 157 -76 196 0 15 31 17 60 15 243 l-3 209 -33 29 c-26 23 -41 29 -80 29 -41 0 -53 -5 -78 -31z\"\/><path d=\"M3085 3251 c-45 -19 -58 -50 -96 -229 -47 -217 -49 -260 -13 -295 52 -53 146 -42 177 20 16 31 87 366 87 410 0 70 -86 122 -155 94z\"\/><path d=\"M1751 3234 c-13 -9 -29 -31 -37 -50 -12 -29 -10 -49 21 -204 19 -94 39 -189 45 -210 14 -50 54 -80 110 -80 34 0 48 6 76 34 21 21 34 44 34 59 0 14 -18 113 -40 219 -37 178 -43 195 -70 221 -36 32 -101 37 -139 11z\"\/><path d=\"M1163 3073 c-36 -7 -73 -59 -73 -102 0 -56 133 -378 171 -413 34 -32 83 -37 129 -13 70 36 67 87 -16 290 -86 209 -89 214 -129 231 -35 14 -42 15 -82 7z\"\/><path d=\"M3689 3066 c-15 -9 -33 -30 -42 -48 -48 -103 -147 -355 -147 -375 0 -98 131 -148 192 -74 13 15 57 108 97 206 80 196 84 226 37 273 -30 30 -99 39 -137 18z\"\/><path d=\"M583 2784 c-38 -19 -67 -74 -58 -113 9 -42 211 -354 242 -373 16 -10 45 -18 66 -18 51 0 107 52 107 100 0 39 -1 41 -124 234 -80 126 -108 162 -133 173 -41 17 -61 16 -100 -3z\"\/><path d=\"M4250 2784 c-14 -9 -74 -91 -133 -183 -95 -150 -107 -173 -107 -213 0 -55 33 -94 87 -104 67 -13 90 8 211 198 130 202 137 225 78 284 -27 27 -42 34 -72 34 -22 0 -50 -8 -64 -16z\"\/><path d=\"M2275 2693 c-553 -48 -1095 -270 -1585 -649 -135 -104 -459 -423 -483 -476 -23 -49 -22 -139 2 -186 73 -142 361 -457 571 -626 285 -228 642 -407 990 -497 242 -63 336 -73 660 -74 310 0 370 5 595 52 535 111 1045 392 1455 803 122 121 250 273 275 326 19 41 19 137 0 174 -41 79 -309 363 -465 492 -447 370 -946 591 -1479 653 -113 14 -422 18 -536 8z m395 -428 c171 -34 330 -124 456 -258 112 -119 167 -219 211 -378 27 -96 24 -300 -5 -401 -72 -255 -236 -447 -474 -557 -132 -62 -201 -76 -368 -76 -167 0 -236 14 -368 76 -213 98 -373 271 -451 485 -162 444 86 934 547 1084 153 49 292 57 452 25z m909 -232 c222 -123 408 -262 593 -441 76 -74 138 -139 138 -144 0 -16 -233 -242 -330 -319 -155 -123 -309 -223 -461 -299 l-81 -41 32 46 c18 26 49 83 70 128 143 306 141 649 -6 957 -25 52 -61 116 -79 142 l-34 47 45 -20 c26 -10 76 -36 113 -56z m-2057 25 c-40 -58 -105 -190 -130 -263 -110 -324 -59 -707 132 -981 25 -35 42 -64 37 -64 -19 0 -241 119 -326 174 -188 122 -406 314 -532 468 l-58 71 108 103 c185 178 428 349 672 473 66 33 121 60 123 61 2 0 -10 -19 -26 -42z\"\/><path d=\"M2375 1950 c-198 -44 -350 -190 -395 -379 -18 -76 -8 -221 19 -290 114 -284 457 -406 731 -260 98 52 188 154 231 260 27 69 37 214 19 290 -38 163 -166 304 -326 360 -67 23 -215 33 -279 19z\"\/><\/g><\/svg><\/i> &nbsp;1,661&nbsp;total views<\/p><div class=\"pvc_clear\"><\/div>\n<figure class=\"wp-block-image size-large is-resized is-style-default\"><a href=\"http:\/\/obcanskymonitoring.cz\/wp-content\/uploads\/2021\/05\/Jesatko-maly-e1620233295845.jpg\"><img loading=\"lazy\" src=\"http:\/\/obcanskymonitoring.cz\/wp-content\/uploads\/2021\/05\/Jesatko-maly-e1620233295845.jpg\" alt=\"\" class=\"wp-image-7595\" width=\"60\" height=\"68\"\/><\/a><\/figure>\n\n\n\n<p>Kdy\u017e te\u010f v noci p\u0159em\u00fd\u0161l\u00edm, napad\u00e1 m\u011b ot\u00e1zka: V\u00ed v\u011bt\u0161ina z&nbsp;nich o les\u00edch v n\u00e1rodn\u00edm parku nap\u0159\u00edklad tohle? Pod\u00edvejte se na tento v minulosti zak\u00e1zan\u00fd film, kter\u00fd nechala nato\u010dit Spr\u00e1va parku a kter\u00fd se n\u00e1sledn\u011b nehodil po odvol\u00e1n\u00ed veden\u00ed parku. Mezit\u00edm se vyst\u0159\u00eddali dal\u0161\u00ed \u0159editel\u00e9 a (jak se zd\u00e1) film se tak\u00e9 nehod\u00ed. Nikde asi v n\u00e1v\u0161t\u011bvnick\u00e9m st\u0159edisku nen\u00ed k dispozici.<\/p>\n\n\n<p><!--more--><\/p>\n\n\n<p>Pokl\u00e1d\u00e1m si ot\u00e1zku pro\u010d asi a hned si s\u00e1m sob\u011b odpov\u00edd\u00e1m: Nehod\u00ed se t\u011bm, tedy i sou\u010dasn\u00e9mu veden\u00ed parku, kter\u00e9 vykl\u00e1d\u00e1 ve\u0159ejnosti, \u017ee holiny s odvezen\u00fdm a prodan\u00fdm d\u0159\u00edv\u00edm a nezales\u0148ovan\u00e9 jsou vlastn\u011b \u201estartov\u00e1n\u00edm\u201c p\u0159\u00edrodn\u00edch proces\u016f. Paradox! Pokud mohu porovn\u00e1vat ve filmu hovo\u0159\u00edc\u00edho exministra \u017dP Ladislava Mika, mus\u00edm mu d\u00e1t zapravdu, \u017ee holina je nejhor\u0161\u00ed pro lesn\u00ed ekosyst\u00e9m a dokonce nezalesn\u011bn\u00e1 holina je zlo\u010din na p\u0159\u00edrod\u011b.<\/p>\n\n\n\n<p>N\u00e1sledn\u00fd ministr Burs\u00edk ve sv\u00e9m rozhodnut\u00ed dal po ork\u00e1nu Kyrill mo\u017enost \u0159editeli parku nezales\u0148ovat holiny 28 let. Toho tehdej\u0161\u00ed \u0159editel nevyu\u017eil a jako lesn\u00edk, nechal holiny zales\u0148ovat. V\u0161e \u201evylep\u0161il\u201c a\u017e sou\u010dasn\u00fd ministr Brabec, kter\u00fd nejen \u017ee umo\u017enil rozs\u00e1hl\u00e9 holiny s odvezen\u00fdm a prodan\u00fdm d\u0159\u00edv\u00edm 28 let nezales\u0148ovat, ale dokonce je zahrnout do bezz\u00e1sahovosti.<\/p>\n\n\n\n<p>Nechci d\u00e1le komentovat , ale lesn\u00edk, po kter\u00e9m z\u016fstanou vyk\u00e1cen\u00e9 a nezalesn\u011bn\u00e9 holiny, odkud d\u0159\u00edv\u00ed prodal, nen\u00ed lesn\u00edkem, ale n\u011b\u010d\u00edm, pro co nem\u00e1m coby \u0161umavsk\u00fd fo\u0159t v d\u016fchodu slu\u0161n\u00fd v\u00fdraz. Pod\u00edvejte se na <a href=\"https:\/\/www.youtube.com\/watch?v=_Uak3KGa1Ak\">kr\u00e1tk\u00fd film s exministrem Mikem<\/a>. <\/p>\n\n\n\n<p><em>autor je b\u00fdval\u00fd vedouc\u00ed kalamitn\u00edho \u0161t\u00e1bu NP \u0160umava v roce 2010<\/em><\/p>\n<div data-counters='1' data-style='square' data-size='regular' data-url='https:\/\/obcanskymonitoring.cz\/?p=7765' data-title='Petr Je\u0161\u00e1tko: \u0160umava dnes za\u017e\u00edv\u00e1 n\u00e1por turist\u016f' class='linksalpha_container linksalpha_app_3'><a href='\/\/www.linksalpha.com\/share?network='facebook' class='linksalpha_icon_facebook'><\/a><a href='\/\/www.linksalpha.com\/share?network='twitter' class='linksalpha_icon_twitter'><\/a><a href='\/\/www.linksalpha.com\/share?network='googleplus' class='linksalpha_icon_googleplus'><\/a><a href='\/\/www.linksalpha.com\/share?network='mail' class='linksalpha_icon_mail'><\/a><\/div><div data-position='' data-url='https:\/\/obcanskymonitoring.cz\/?p=7765' data-title='Petr Je\u0161\u00e1tko: \u0160umava dnes za\u017e\u00edv\u00e1 n\u00e1por turist\u016f' class='linksalpha_container linksalpha_app_7'><a href='\/\/www.linksalpha.com\/share?network='facebook' class='linksalpha_icon_facebook'><\/a><a href='\/\/www.linksalpha.com\/share?network='twitter' class='linksalpha_icon_twitter'><\/a><a href='\/\/www.linksalpha.com\/share?network='googleplus' class='linksalpha_icon_googleplus'><\/a><a href='\/\/www.linksalpha.com\/share?network='mail' class='linksalpha_icon_mail'><\/a><\/div>","protected":false},"excerpt":{"rendered":"<p>&nbsp;1,661&nbsp;total views Kdy\u017e te\u010f v noci p\u0159em\u00fd\u0161l\u00edm, napad\u00e1 m\u011b ot\u00e1zka: V\u00ed v\u011bt\u0161ina z&nbsp;nich o les\u00edch v n\u00e1rodn\u00edm parku nap\u0159\u00edklad tohle? Pod\u00edvejte se na tento v minulosti zak\u00e1zan\u00fd film, kter\u00fd nechala nato\u010dit Spr\u00e1va parku a kter\u00fd se n\u00e1sledn\u011b nehodil po odvol\u00e1n\u00ed veden\u00ed parku. Mezit\u00edm se vyst\u0159\u00eddali dal\u0161\u00ed \u0159editel\u00e9 a (jak se zd\u00e1) film se tak\u00e9 nehod\u00ed. [&hellip;]<\/p>\n","protected":false},"author":3,"featured_media":0,"comment_status":"open","ping_status":"open","sticky":true,"template":"","format":"standard","meta":[],"categories":[40,32,21,29],"tags":[],"_links":{"self":[{"href":"https:\/\/obcanskymonitoring.cz\/index.php?rest_route=\/wp\/v2\/posts\/7765"}],"collection":[{"href":"https:\/\/obcanskymonitoring.cz\/index.php?rest_route=\/wp\/v2\/posts"}],"about":[{"href":"https:\/\/obcanskymonitoring.cz\/index.php?rest_route=\/wp\/v2\/types\/post"}],"author":[{"embeddable":true,"href":"https:\/\/obcanskymonitoring.cz\/index.php?rest_route=\/wp\/v2\/users\/3"}],"replies":[{"embeddable":true,"href":"https:\/\/obcanskymonitoring.cz\/index.php?rest_route=%2Fwp%2Fv2%2Fcomments&post=7765"}],"version-history":[{"count":2,"href":"https:\/\/obcanskymonitoring.cz\/index.php?rest_route=\/wp\/v2\/posts\/7765\/revisions"}],"predecessor-version":[{"id":7767,"href":"https:\/\/obcanskymonitoring.cz\/index.php?rest_route=\/wp\/v2\/posts\/7765\/revisions\/7767"}],"wp:attachment":[{"href":"https:\/\/obcanskymonitoring.cz\/index.php?rest_route=%2Fwp%2Fv2%2Fmedia&parent=7765"}],"wp:term":[{"taxonomy":"category","embeddable":true,"href":"https:\/\/obcanskymonitoring.cz\/index.php?rest_route=%2Fwp%2Fv2%2Fcategories&post=7765"},{"taxonomy":"post_tag","embeddable":true,"href":"https:\/\/obcanskymonitoring.cz\/index.php?rest_route=%2Fwp%2Fv2%2Ftags&post=7765"}],"curies":[{"name":"wp","href":"https:\/\/api.w.org\/{rel}","templated":true}]}}