{"id":7816,"date":"2021-09-02T18:17:31","date_gmt":"2021-09-02T18:17:31","guid":{"rendered":"http:\/\/obcanskymonitoring.cz\/?p=7816"},"modified":"2021-09-02T18:17:32","modified_gmt":"2021-09-02T18:17:32","slug":"dokument-eu-usneseni-vyboru-pro-zalezitosti-evropske-unie-k-nekterym-zalezitostem-schengenskeho-prostoru","status":"publish","type":"post","link":"https:\/\/obcanskymonitoring.cz\/?p=7816","title":{"rendered":"Dokument EU: Usnesen\u00ed V\u00fdboru pro z\u00e1le\u017eitosti Evropsk\u00e9 unie k n\u011bkter\u00fdm z\u00e1le\u017eitostem schengensk\u00e9ho prostoru"},"content":{"rendered":"<div class=\"pvc_clear\"><\/div><p class=\"pvc_stats total_only \" data-element-id=\"7816\" style=\"\"><i class=\"pvc-stats-icon medium\" aria-hidden=\"true\"><svg xmlns=\"http:\/\/www.w3.org\/2000\/svg\" version=\"1.0\" viewBox=\"0 0 502 315\" preserveAspectRatio=\"xMidYMid meet\"><g transform=\"translate(0,332) scale(0.1,-0.1)\" fill=\"\" stroke=\"none\"><path d=\"M2394 3279 l-29 -30 -3 -207 c-2 -182 0 -211 15 -242 39 -76 157 -76 196 0 15 31 17 60 15 243 l-3 209 -33 29 c-26 23 -41 29 -80 29 -41 0 -53 -5 -78 -31z\"\/><path d=\"M3085 3251 c-45 -19 -58 -50 -96 -229 -47 -217 -49 -260 -13 -295 52 -53 146 -42 177 20 16 31 87 366 87 410 0 70 -86 122 -155 94z\"\/><path d=\"M1751 3234 c-13 -9 -29 -31 -37 -50 -12 -29 -10 -49 21 -204 19 -94 39 -189 45 -210 14 -50 54 -80 110 -80 34 0 48 6 76 34 21 21 34 44 34 59 0 14 -18 113 -40 219 -37 178 -43 195 -70 221 -36 32 -101 37 -139 11z\"\/><path d=\"M1163 3073 c-36 -7 -73 -59 -73 -102 0 -56 133 -378 171 -413 34 -32 83 -37 129 -13 70 36 67 87 -16 290 -86 209 -89 214 -129 231 -35 14 -42 15 -82 7z\"\/><path d=\"M3689 3066 c-15 -9 -33 -30 -42 -48 -48 -103 -147 -355 -147 -375 0 -98 131 -148 192 -74 13 15 57 108 97 206 80 196 84 226 37 273 -30 30 -99 39 -137 18z\"\/><path d=\"M583 2784 c-38 -19 -67 -74 -58 -113 9 -42 211 -354 242 -373 16 -10 45 -18 66 -18 51 0 107 52 107 100 0 39 -1 41 -124 234 -80 126 -108 162 -133 173 -41 17 -61 16 -100 -3z\"\/><path d=\"M4250 2784 c-14 -9 -74 -91 -133 -183 -95 -150 -107 -173 -107 -213 0 -55 33 -94 87 -104 67 -13 90 8 211 198 130 202 137 225 78 284 -27 27 -42 34 -72 34 -22 0 -50 -8 -64 -16z\"\/><path d=\"M2275 2693 c-553 -48 -1095 -270 -1585 -649 -135 -104 -459 -423 -483 -476 -23 -49 -22 -139 2 -186 73 -142 361 -457 571 -626 285 -228 642 -407 990 -497 242 -63 336 -73 660 -74 310 0 370 5 595 52 535 111 1045 392 1455 803 122 121 250 273 275 326 19 41 19 137 0 174 -41 79 -309 363 -465 492 -447 370 -946 591 -1479 653 -113 14 -422 18 -536 8z m395 -428 c171 -34 330 -124 456 -258 112 -119 167 -219 211 -378 27 -96 24 -300 -5 -401 -72 -255 -236 -447 -474 -557 -132 -62 -201 -76 -368 -76 -167 0 -236 14 -368 76 -213 98 -373 271 -451 485 -162 444 86 934 547 1084 153 49 292 57 452 25z m909 -232 c222 -123 408 -262 593 -441 76 -74 138 -139 138 -144 0 -16 -233 -242 -330 -319 -155 -123 -309 -223 -461 -299 l-81 -41 32 46 c18 26 49 83 70 128 143 306 141 649 -6 957 -25 52 -61 116 -79 142 l-34 47 45 -20 c26 -10 76 -36 113 -56z m-2057 25 c-40 -58 -105 -190 -130 -263 -110 -324 -59 -707 132 -981 25 -35 42 -64 37 -64 -19 0 -241 119 -326 174 -188 122 -406 314 -532 468 l-58 71 108 103 c185 178 428 349 672 473 66 33 121 60 123 61 2 0 -10 -19 -26 -42z\"\/><path d=\"M2375 1950 c-198 -44 -350 -190 -395 -379 -18 -76 -8 -221 19 -290 114 -284 457 -406 731 -260 98 52 188 154 231 260 27 69 37 214 19 290 -38 163 -166 304 -326 360 -67 23 -215 33 -279 19z\"\/><\/g><\/svg><\/i> &nbsp;1,151&nbsp;total views<\/p><div class=\"pvc_clear\"><\/div>\n<figure class=\"wp-block-image size-large is-resized is-style-default\"><a href=\"http:\/\/obcanskymonitoring.cz\/wp-content\/uploads\/2020\/12\/ios-e1612479660769.png\"><img loading=\"lazy\" src=\"http:\/\/obcanskymonitoring.cz\/wp-content\/uploads\/2020\/12\/ios-e1612479660769.png\" alt=\"\" class=\"wp-image-6978\" width=\"90\" height=\"30\"\/><\/a><\/figure>\n\n\n\n<p>Usnesen\u00ed jsou dv\u011b:<\/p>\n\n\n\n<ul><li>k n\u00e1vrhu na\u0159\u00edzen\u00ed Rady o vytvo\u0159en\u00ed a fungov\u00e1n\u00ed hodnot\u00edc\u00edho a monitorovac\u00edho mechanismu k ov\u011b\u0159en\u00ed uplat\u0148ov\u00e1n\u00ed schengensk\u00e9ho acquis a o zru\u0161en\u00ed na\u0159\u00edzen\u00ed (EU) \u010d. 1053\/2013<\/li><li>ke sd\u011blen\u00ed Komise Evropsk\u00e9mu parlamentu a Rad\u011b \u201eStrategie pro zaji\u0161t\u011bn\u00ed pln\u011b funk\u010dn\u00edho a odoln\u00e9ho schengensk\u00e9ho prostoru\u201c.<\/li><\/ul>\n\n\n\n<p>K&nbsp;ob\u011bma se vyjad\u0159oval Sen\u00e1t Parlamentu \u010cR, kter\u00fd ob\u011b usnesen\u00ed doporu\u010duje.<\/p>\n\n\n<p><!--more--><\/p>\n\n\n<p>OM d\u00e1le cituje usnesen\u00ed:<br>Sen\u00e1t P\u010cR<br>I.<br><strong>1. v\u00edt\u00e1<\/strong><br>prob\u00edhaj\u00edc\u00ed debatu o reform\u011b a pos\u00edlen\u00ed fungov\u00e1n\u00ed schengensk\u00e9ho prostoru; jej\u00ed na\u010dasov\u00e1n\u00ed vn\u00edm\u00e1 jako velmi vhodn\u00e9;<br><strong>2. oce\u0148uje<\/strong><br>p\u0159edlo\u017een\u00ed nov\u00e9 schengensk\u00e9 strategie s v\u00fd\u010dtem opat\u0159en\u00ed pro n\u00e1sleduj\u00edc\u00ed obdob\u00ed stejn\u011b jako prvn\u00edho ze s\u00e9rie pl\u00e1novan\u00fdch legislativn\u00edch n\u00e1vrh\u016f, kter\u00fd se t\u00fdk\u00e1 schengensk\u00e9ho hodnot\u00edc\u00edho a monitorovac\u00edho mechanismu a kter\u00fd si klade za c\u00edl zkr\u00e1tit a zjednodu\u0161it postupy schengensk\u00e9ho hodnocen\u00ed tak, aby byl tento proces celkov\u011b \u00fa\u010dinn\u011bj\u0161\u00ed a \u00fa\u010deln\u011bj\u0161\u00ed;<br><strong>3. p\u0159ipom\u00edn\u00e1<br><\/strong>sv\u00e9 194. usnesen\u00ed z 28. dubna 2021 k legislativn\u00edm n\u00e1vrh\u016fm, ve kter\u00fdch Komise navrhla z\u0159\u00edzen\u00ed spole\u010dn\u00e9ho evropsk\u00e9ho r\u00e1mce pro vyd\u00e1v\u00e1n\u00ed, ov\u011b\u0159ov\u00e1n\u00ed a uzn\u00e1v\u00e1n\u00ed tzv. digit\u00e1ln\u00edho zelen\u00e9ho certifik\u00e1tu, neboli COVID pasu, kter\u00fd by m\u011bl usnadnit v\u00fdkon pr\u00e1va voln\u00e9ho pohybu v schengensk\u00e9m prostoru v obdob\u00ed pandemie COVID-19; Sen\u00e1t v tomto usnesen\u00ed zd\u016fraznil, \u017ee pova\u017euje pr\u00e1vo ob\u010dan\u016f EU a jejich rodinn\u00fdch p\u0159\u00edslu\u0161n\u00edk\u016f svobodn\u011b se pohybovat a pob\u00fdvat na \u00fazem\u00ed \u010dlensk\u00fdch st\u00e1t\u016f Evropsk\u00e9 unie, resp. schengensk\u00e9ho prostoru za jeden z nejv\u011bt\u0161\u00edch v\u00fddobytk\u016f procesu evropsk\u00e9 integrace;<br><strong>4. opakuje proto,<\/strong><br>\u017ee je zapot\u0159eb\u00ed obnovit mobilitu v r\u00e1mci schengensk\u00e9ho prostoru co mo\u017en\u00e1 nejd\u0159\u00edve, a to s ohledem na negativn\u00ed dopady sou\u010dasn\u00fdch cestovn\u00edch omezen\u00ed, jako\u017e i dal\u0161\u00edch restrikc\u00ed souvisej\u00edc\u00edch s prevenc\u00ed \u0161\u00ed\u0159en\u00ed COVID-19;<br><strong>5. souhlas\u00ed tak\u00e9 s t\u00edm,<\/strong><br>\u017ee je d\u016fle\u017eit\u00e9 podpo\u0159it d\u016fv\u011bru ve fungov\u00e1n\u00ed schengensk\u00e9ho syst\u00e9mu a zajistit, aby \u010dlensk\u00e9 st\u00e1ty \u0159\u00e1dn\u011b plnily pravidla schengensk\u00e9ho acquis a nezav\u00e1d\u011bly nep\u0159im\u011b\u0159en\u00e9 nebo neopodstatn\u011bn\u00e9 kontroly na vnit\u0159n\u00edch hranic\u00edch v r\u00e1mci schengensk\u00e9ho prostoru;<br><strong>6. vkl\u00e1d\u00e1<\/strong><br>velk\u00e9 nad\u011bje do budovan\u00e9 architektury informa\u010dn\u00edch syst\u00e9m\u016f pro ochranu hranic, migraci a bezpe\u010dnost a jejich vz\u00e1jemn\u00e9ho propojen\u00ed, jeho\u017e dokon\u010den\u00ed v roce 2023 v\u00fdrazn\u00fdm zp\u016fsobem zefektivn\u00ed ostrahu vn\u011bj\u0161\u00edch hranic schengensk\u00e9ho prostoru;<\/p>\n\n\n\n<p>II.<br><strong>1. \u017e\u00e1d\u00e1 vl\u00e1du,<\/strong><br>aby Sen\u00e1t informovala o tom, jak\u00fdm zp\u016fsobem zohlednila toto usnesen\u00ed, a o dal\u0161\u00edm v\u00fdvoji projedn\u00e1v\u00e1n\u00ed, a to do 31. ledna 2022;<br><strong>2. pov\u011b\u0159uje<\/strong><br>p\u0159edsedu Sen\u00e1tu, aby toto usnesen\u00ed postoupil Evropsk\u00e9 komisi.<br><br>Cel\u00fd text doumentu najdete <a href=\"https:\/\/www.senat.cz\/xqw\/webdav\/pssenat\/original\/100599\/84419\">zde<\/a>.<\/p>\n<div data-counters='1' data-style='square' data-size='regular' data-url='https:\/\/obcanskymonitoring.cz\/?p=7816' data-title='Dokument EU: Usnesen\u00ed V\u00fdboru pro z\u00e1le\u017eitosti Evropsk\u00e9 unie k n\u011bkter\u00fdm z\u00e1le\u017eitostem schengensk\u00e9ho prostoru' class='linksalpha_container linksalpha_app_3'><a href='\/\/www.linksalpha.com\/share?network='facebook' class='linksalpha_icon_facebook'><\/a><a href='\/\/www.linksalpha.com\/share?network='twitter' class='linksalpha_icon_twitter'><\/a><a href='\/\/www.linksalpha.com\/share?network='googleplus' class='linksalpha_icon_googleplus'><\/a><a href='\/\/www.linksalpha.com\/share?network='mail' class='linksalpha_icon_mail'><\/a><\/div><div data-position='' data-url='https:\/\/obcanskymonitoring.cz\/?p=7816' data-title='Dokument EU: Usnesen\u00ed V\u00fdboru pro z\u00e1le\u017eitosti Evropsk\u00e9 unie k n\u011bkter\u00fdm z\u00e1le\u017eitostem schengensk\u00e9ho prostoru' class='linksalpha_container linksalpha_app_7'><a href='\/\/www.linksalpha.com\/share?network='facebook' class='linksalpha_icon_facebook'><\/a><a href='\/\/www.linksalpha.com\/share?network='twitter' class='linksalpha_icon_twitter'><\/a><a href='\/\/www.linksalpha.com\/share?network='googleplus' class='linksalpha_icon_googleplus'><\/a><a href='\/\/www.linksalpha.com\/share?network='mail' class='linksalpha_icon_mail'><\/a><\/div>","protected":false},"excerpt":{"rendered":"<p>&nbsp;1,151&nbsp;total views Usnesen\u00ed jsou dv\u011b: k n\u00e1vrhu na\u0159\u00edzen\u00ed Rady o vytvo\u0159en\u00ed a fungov\u00e1n\u00ed hodnot\u00edc\u00edho a monitorovac\u00edho mechanismu k ov\u011b\u0159en\u00ed uplat\u0148ov\u00e1n\u00ed schengensk\u00e9ho acquis a o zru\u0161en\u00ed na\u0159\u00edzen\u00ed (EU) \u010d. 1053\/2013 ke sd\u011blen\u00ed Komise Evropsk\u00e9mu parlamentu a Rad\u011b \u201eStrategie pro zaji\u0161t\u011bn\u00ed pln\u011b funk\u010dn\u00edho a odoln\u00e9ho schengensk\u00e9ho prostoru\u201c. K&nbsp;ob\u011bma se vyjad\u0159oval Sen\u00e1t Parlamentu \u010cR, kter\u00fd ob\u011b usnesen\u00ed doporu\u010duje.<\/p>\n","protected":false},"author":3,"featured_media":0,"comment_status":"open","ping_status":"open","sticky":true,"template":"","format":"standard","meta":[],"categories":[19,32,31],"tags":[],"_links":{"self":[{"href":"https:\/\/obcanskymonitoring.cz\/index.php?rest_route=\/wp\/v2\/posts\/7816"}],"collection":[{"href":"https:\/\/obcanskymonitoring.cz\/index.php?rest_route=\/wp\/v2\/posts"}],"about":[{"href":"https:\/\/obcanskymonitoring.cz\/index.php?rest_route=\/wp\/v2\/types\/post"}],"author":[{"embeddable":true,"href":"https:\/\/obcanskymonitoring.cz\/index.php?rest_route=\/wp\/v2\/users\/3"}],"replies":[{"embeddable":true,"href":"https:\/\/obcanskymonitoring.cz\/index.php?rest_route=%2Fwp%2Fv2%2Fcomments&post=7816"}],"version-history":[{"count":1,"href":"https:\/\/obcanskymonitoring.cz\/index.php?rest_route=\/wp\/v2\/posts\/7816\/revisions"}],"predecessor-version":[{"id":7817,"href":"https:\/\/obcanskymonitoring.cz\/index.php?rest_route=\/wp\/v2\/posts\/7816\/revisions\/7817"}],"wp:attachment":[{"href":"https:\/\/obcanskymonitoring.cz\/index.php?rest_route=%2Fwp%2Fv2%2Fmedia&parent=7816"}],"wp:term":[{"taxonomy":"category","embeddable":true,"href":"https:\/\/obcanskymonitoring.cz\/index.php?rest_route=%2Fwp%2Fv2%2Fcategories&post=7816"},{"taxonomy":"post_tag","embeddable":true,"href":"https:\/\/obcanskymonitoring.cz\/index.php?rest_route=%2Fwp%2Fv2%2Ftags&post=7816"}],"curies":[{"name":"wp","href":"https:\/\/api.w.org\/{rel}","templated":true}]}}