{"id":7857,"date":"2021-09-19T09:49:13","date_gmt":"2021-09-19T09:49:13","guid":{"rendered":"http:\/\/obcanskymonitoring.cz\/?p=7857"},"modified":"2021-09-19T18:30:23","modified_gmt":"2021-09-19T18:30:23","slug":"petr-jesatko-uplynulo-jedenact-let-a-posudte-co-se-zmenilo-na-sumave","status":"publish","type":"post","link":"https:\/\/obcanskymonitoring.cz\/?p=7857","title":{"rendered":"Petr Je\u0161\u00e1tko: Uplynulo jeden\u00e1ct let a posu\u010fte, co se zm\u011bnilo na \u0160umav\u011b"},"content":{"rendered":"<div class=\"pvc_clear\"><\/div><p class=\"pvc_stats total_only \" data-element-id=\"7857\" style=\"\"><i class=\"pvc-stats-icon medium\" aria-hidden=\"true\"><svg xmlns=\"http:\/\/www.w3.org\/2000\/svg\" version=\"1.0\" viewBox=\"0 0 502 315\" preserveAspectRatio=\"xMidYMid meet\"><g transform=\"translate(0,332) scale(0.1,-0.1)\" fill=\"\" stroke=\"none\"><path d=\"M2394 3279 l-29 -30 -3 -207 c-2 -182 0 -211 15 -242 39 -76 157 -76 196 0 15 31 17 60 15 243 l-3 209 -33 29 c-26 23 -41 29 -80 29 -41 0 -53 -5 -78 -31z\"\/><path d=\"M3085 3251 c-45 -19 -58 -50 -96 -229 -47 -217 -49 -260 -13 -295 52 -53 146 -42 177 20 16 31 87 366 87 410 0 70 -86 122 -155 94z\"\/><path d=\"M1751 3234 c-13 -9 -29 -31 -37 -50 -12 -29 -10 -49 21 -204 19 -94 39 -189 45 -210 14 -50 54 -80 110 -80 34 0 48 6 76 34 21 21 34 44 34 59 0 14 -18 113 -40 219 -37 178 -43 195 -70 221 -36 32 -101 37 -139 11z\"\/><path d=\"M1163 3073 c-36 -7 -73 -59 -73 -102 0 -56 133 -378 171 -413 34 -32 83 -37 129 -13 70 36 67 87 -16 290 -86 209 -89 214 -129 231 -35 14 -42 15 -82 7z\"\/><path d=\"M3689 3066 c-15 -9 -33 -30 -42 -48 -48 -103 -147 -355 -147 -375 0 -98 131 -148 192 -74 13 15 57 108 97 206 80 196 84 226 37 273 -30 30 -99 39 -137 18z\"\/><path d=\"M583 2784 c-38 -19 -67 -74 -58 -113 9 -42 211 -354 242 -373 16 -10 45 -18 66 -18 51 0 107 52 107 100 0 39 -1 41 -124 234 -80 126 -108 162 -133 173 -41 17 -61 16 -100 -3z\"\/><path d=\"M4250 2784 c-14 -9 -74 -91 -133 -183 -95 -150 -107 -173 -107 -213 0 -55 33 -94 87 -104 67 -13 90 8 211 198 130 202 137 225 78 284 -27 27 -42 34 -72 34 -22 0 -50 -8 -64 -16z\"\/><path d=\"M2275 2693 c-553 -48 -1095 -270 -1585 -649 -135 -104 -459 -423 -483 -476 -23 -49 -22 -139 2 -186 73 -142 361 -457 571 -626 285 -228 642 -407 990 -497 242 -63 336 -73 660 -74 310 0 370 5 595 52 535 111 1045 392 1455 803 122 121 250 273 275 326 19 41 19 137 0 174 -41 79 -309 363 -465 492 -447 370 -946 591 -1479 653 -113 14 -422 18 -536 8z m395 -428 c171 -34 330 -124 456 -258 112 -119 167 -219 211 -378 27 -96 24 -300 -5 -401 -72 -255 -236 -447 -474 -557 -132 -62 -201 -76 -368 -76 -167 0 -236 14 -368 76 -213 98 -373 271 -451 485 -162 444 86 934 547 1084 153 49 292 57 452 25z m909 -232 c222 -123 408 -262 593 -441 76 -74 138 -139 138 -144 0 -16 -233 -242 -330 -319 -155 -123 -309 -223 -461 -299 l-81 -41 32 46 c18 26 49 83 70 128 143 306 141 649 -6 957 -25 52 -61 116 -79 142 l-34 47 45 -20 c26 -10 76 -36 113 -56z m-2057 25 c-40 -58 -105 -190 -130 -263 -110 -324 -59 -707 132 -981 25 -35 42 -64 37 -64 -19 0 -241 119 -326 174 -188 122 -406 314 -532 468 l-58 71 108 103 c185 178 428 349 672 473 66 33 121 60 123 61 2 0 -10 -19 -26 -42z\"\/><path d=\"M2375 1950 c-198 -44 -350 -190 -395 -379 -18 -76 -8 -221 19 -290 114 -284 457 -406 731 -260 98 52 188 154 231 260 27 69 37 214 19 290 -38 163 -166 304 -326 360 -67 23 -215 33 -279 19z\"\/><\/g><\/svg><\/i> &nbsp;2,192&nbsp;total views<\/p><div class=\"pvc_clear\"><\/div>\n<figure class=\"wp-block-image size-large is-resized is-style-default\"><a href=\"http:\/\/obcanskymonitoring.cz\/wp-content\/uploads\/2021\/05\/Jesatko-maly-e1620233295845.jpg\"><img loading=\"lazy\" src=\"http:\/\/obcanskymonitoring.cz\/wp-content\/uploads\/2021\/05\/Jesatko-maly-e1620233295845.jpg\" alt=\"\" class=\"wp-image-7595\" width=\"60\" height=\"68\"\/><\/a><\/figure>\n\n\n\n<p>Kdy\u017e tak p\u0159em\u00fd\u0161l\u00edm o tom, co se zm\u011bnilo v N\u00e1rodn\u00edm parku \u0160umava od t\u00e9to demonstrace po volb\u00e1ch v r. 2010 dovoluji si zve\u0159ejnit ze sv\u00e9ho archivu z\u00e1znam z t\u00e9to akce. Je\u0161t\u011b nikde nebyl zve\u0159ejn\u011bn a je zde cel\u00fd pr\u016fb\u011bh a omlouv\u00e1m se, \u017ee je to dlouh\u00e9. Ov\u0161em historii je t\u0159eba zn\u00e1t podrobn\u011b, nikoliv pouze z tiskov\u00fdch zpr\u00e1v, \u010di r\u016fzn\u011b upravovan\u00fdch prohl\u00e1\u0161en\u00ed \u00fa\u0159edn\u00edk\u016f, \u010di politik\u016f. Zvl\u00e1\u0161t\u011b nyn\u00ed p\u0159ed volbami, kdy se politici p\u0159edh\u00e1n\u011bj\u00ed ve slibech, jak z\u0159\u00edd\u00ed dal\u0161\u00ed n\u00e1rodn\u00ed parky.<\/p>\n\n\n<p><!--more--><\/p>\n\n\n<p>Naprosto souhlas\u00edm, ov\u0161em mus\u00ed to b\u00fdt skute\u010dn\u00e9 n\u00e1rodn\u00ed parky pro p\u0159\u00edrodu a lidi s n\u00ed c\u00edt\u00edc\u00ed a kte\u0159\u00ed cht\u011bj\u00ed se od p\u0159\u00edrody u\u010dit, nikoliv pouze vyu\u017e\u00edvat to, co n\u00e1m zde p\u0159edchoz\u00ed generace zanechala. Naopak se sna\u017eit p\u0159\u00edrod\u011b vr\u00e1tit to, co jsme ji z neznalosti, \u010di ziskuchtivosti vzali. Mysl\u00edte si, \u017ee tito demonstruj\u00edc\u00ed, z nich\u017e n\u011bkter\u00e9 jste znali, \u010di zn\u00e1te, cht\u011bli p\u0159\u00edrod\u011b vracet? <a href=\"https:\/\/www.youtube.com\/watch?v=vbyQg01HuoM\">Viz z\u00e1znam demonstrace<\/a>, velice dob\u0159e p\u0159ipraven\u00e9 i na\u010dasovan\u00e9 po zm\u011bn\u011b ministra.<\/p>\n\n\n\n<p>Proto\u017ee jsem v N\u00e1rodn\u00edm parku \u0160umava pracoval jako les\u00e1k prakticky od jeho vzniku a\u017e do odchodu do d\u016fchodu za\u010d\u00e1tkem r. 2011,mohu s \u010dist\u00fdm sv\u011bdom\u00edm \u0159\u00edci, \u017ee tato idea byla uplat\u0148ov\u00e1na v pln\u00e9 m\u00ed\u0159e pouze v prvn\u00edch letech. Dal\u0161\u00ed v\u00fdvoj ovliv\u0148ovali ji\u017e minist\u0159i r\u016fzn\u00fdch politick\u00fdch stran a s r\u016fzn\u00fdmi z\u00e1m\u011bry, \u010dasto proti posl\u00e1n\u00ed n\u00e1rodn\u00edho parku, ale i proti m\u00edstn\u00edm obyvatel\u016fm pracuj\u00edc\u00edm v lese jako \u017eivnostn\u00edci.<\/p>\n\n\n\n<p>O co na \u0160umav\u011b \u0161lo a dodnes jde a o \u010dem se na t\u00e9to demonstraci nemluv\u00ed: V prv\u00e9 \u0159ad\u011b to byly pozemky ve vlastnictv\u00ed st\u00e1tu a jejich z\u00e1m\u011br je za co nejmen\u0161\u00ed cenu z\u00edskat do majetku r\u016fzn\u00fdch vlivn\u00fdch osob. Napsalo se proti tomu mnoho, stalo se minimum. <a href=\"https:\/\/ceskapozice.lidovky.cz\/tema\/bude-se-porcovat-sumava.A140925_120327_pozice-tema_houd#utm_source=rss&amp;utm_medium=feed&amp;utm_campaign=ceskapozice&amp;utm_content=main\">Viz p\u0159\u00edklad<\/a>.<\/p>\n\n\n\n<p>D\u00e1le bylo trnem v oku zad\u00e1v\u00e1n\u00ed ve\u0159ejn\u00fdch zak\u00e1zek na pr\u00e1ci v lese a sou\u010dasn\u011b i prodej d\u0159\u00edv\u00ed. Transparentnost zajistil tehdej\u0161\u00edm veden\u00edm zaveden\u00fd program LesIS, kter\u00fd umo\u017e\u0148oval minitendry na jednotliv\u00e9 \u010dinnosti, a tak se stal rovnocenn\u00fdm partnerem velk\u00fdm d\u0159eva\u0159sk\u00fdm firm\u00e1m i m\u00edstn\u00ed mal\u00fd \u017eivnostn\u00edk, v\u010detn\u011b \u017een v p\u011bstebn\u00ed \u010dinnosti. Pod\u00edvejme se, jak vypadal, a dnes to bohu\u017eel ji\u017e nejsou minitendry pro mal\u00e9, ale maxitendry pro velk\u00e9 a mal\u00fd \u017eivnostn\u00edk u nich m\u016f\u017ee d\u011blat jako subdodavatel a odevzd\u00e1vat z ka\u017ed\u00e9 faktury des\u00e1tky. Div\u00ed se n\u011bkdo, \u017ee mnoho m\u00edstn\u00edch \u0160umavu opustilo, domy prodalo \u010di ode\u0161li pracovat do vedlej\u0161\u00edch Bavor? Pod\u00edvejte se, co se nel\u00edbilo v tomto po\u0159adu <a href=\"https:\/\/www.ceskatelevize.cz\/porady\/1129337346-pridej-se\/210562248410023\/\">\u010cesk\u00e9 televize<\/a>.<\/p>\n\n\n\n<p>Pan ministr Brabec mi napsal, \u017ee zajistil klid na \u0160umav\u011b. Tro\u0161ku mi p\u0159ipomenul b\u00fdval\u00e9ho \u0161\u00e9fa KS\u010c pana Jake\u0161e, kter\u00fd tak\u00e9 po\u017eadoval klid na pr\u00e1ci. Ono se toti\u017e v klidu d\u00e1 i kr\u00e1st, podv\u00e1d\u011bt i rabovat a ty kte\u0159\u00ed ml\u010d\u00ed, odm\u011b\u0148ovat funkcemi. Pros\u00edm, pod\u00edvejte se nap\u0159\u00edklad na tento <a href=\"https:\/\/obcanskymonitoring.cz\/?p=4718\">komiks<\/a>, kter\u00fd vlastn\u011b nen\u00ed komiksem, ale pops\u00e1n\u00edm skute\u010dnosti, jak se klid za ministra Brabce zaji\u0161\u0165oval. A na v\u00fdsledek klidu na pr\u00e1ci podle ministra Brabce se m\u016f\u017eete pod\u00edvat <a href=\"https:\/\/obcanskymonitoring.cz\/?p=7783&amp;fbclid=IwAR1hVcrTBMc_UpBal5ZWq_SfgZaDt38keBEJbXLwNU4R19ZaWF8I6PG9eSw\">zde<\/a>.<\/p>\n\n\n\n<p>Dovolte, abych z\u00e1v\u011brem sv\u00e9ho \u010dl\u00e1nku pop\u0159\u00e1l nov\u00fdm politik\u016fm a zejm\u00e9na nov\u00e9 vl\u00e1d\u011b, aby z\u0159izovali skute\u010dn\u00e9 n\u00e1rodn\u00ed parky, nikoliv fabriky na d\u0159\u00edv\u00ed a lunaparky, pro zisky sv\u00fdch kamar\u00e1d\u016f a z\u00e1rove\u0148, aby sou\u010dasn\u00e9 n\u00e1rodn\u00ed parky byly parky hodn\u00e9 civilizovan\u00e9 zemi, nikoliv zemi, kde m\u00edsto p\u0159\u00edrody vl\u00e1dne lidsk\u00e1 ziskuchtivost.<\/p>\n<div data-counters='1' data-style='square' data-size='regular' data-url='https:\/\/obcanskymonitoring.cz\/?p=7857' data-title='Petr Je\u0161\u00e1tko: Uplynulo jeden\u00e1ct let a posu\u010fte, co se zm\u011bnilo na \u0160umav\u011b' class='linksalpha_container linksalpha_app_3'><a href='\/\/www.linksalpha.com\/share?network='facebook' class='linksalpha_icon_facebook'><\/a><a href='\/\/www.linksalpha.com\/share?network='twitter' class='linksalpha_icon_twitter'><\/a><a href='\/\/www.linksalpha.com\/share?network='googleplus' class='linksalpha_icon_googleplus'><\/a><a href='\/\/www.linksalpha.com\/share?network='mail' class='linksalpha_icon_mail'><\/a><\/div><div data-position='' data-url='https:\/\/obcanskymonitoring.cz\/?p=7857' data-title='Petr Je\u0161\u00e1tko: Uplynulo jeden\u00e1ct let a posu\u010fte, co se zm\u011bnilo na \u0160umav\u011b' class='linksalpha_container linksalpha_app_7'><a href='\/\/www.linksalpha.com\/share?network='facebook' class='linksalpha_icon_facebook'><\/a><a href='\/\/www.linksalpha.com\/share?network='twitter' class='linksalpha_icon_twitter'><\/a><a href='\/\/www.linksalpha.com\/share?network='googleplus' class='linksalpha_icon_googleplus'><\/a><a href='\/\/www.linksalpha.com\/share?network='mail' class='linksalpha_icon_mail'><\/a><\/div>","protected":false},"excerpt":{"rendered":"<p>&nbsp;2,192&nbsp;total views Kdy\u017e tak p\u0159em\u00fd\u0161l\u00edm o tom, co se zm\u011bnilo v N\u00e1rodn\u00edm parku \u0160umava od t\u00e9to demonstrace po volb\u00e1ch v r. 2010 dovoluji si zve\u0159ejnit ze sv\u00e9ho archivu z\u00e1znam z t\u00e9to akce. Je\u0161t\u011b nikde nebyl zve\u0159ejn\u011bn a je zde cel\u00fd pr\u016fb\u011bh a omlouv\u00e1m se, \u017ee je to dlouh\u00e9. Ov\u0161em historii je t\u0159eba zn\u00e1t podrobn\u011b, nikoliv [&hellip;]<\/p>\n","protected":false},"author":3,"featured_media":0,"comment_status":"open","ping_status":"open","sticky":true,"template":"","format":"standard","meta":[],"categories":[32,21,29],"tags":[],"_links":{"self":[{"href":"https:\/\/obcanskymonitoring.cz\/index.php?rest_route=\/wp\/v2\/posts\/7857"}],"collection":[{"href":"https:\/\/obcanskymonitoring.cz\/index.php?rest_route=\/wp\/v2\/posts"}],"about":[{"href":"https:\/\/obcanskymonitoring.cz\/index.php?rest_route=\/wp\/v2\/types\/post"}],"author":[{"embeddable":true,"href":"https:\/\/obcanskymonitoring.cz\/index.php?rest_route=\/wp\/v2\/users\/3"}],"replies":[{"embeddable":true,"href":"https:\/\/obcanskymonitoring.cz\/index.php?rest_route=%2Fwp%2Fv2%2Fcomments&post=7857"}],"version-history":[{"count":2,"href":"https:\/\/obcanskymonitoring.cz\/index.php?rest_route=\/wp\/v2\/posts\/7857\/revisions"}],"predecessor-version":[{"id":7859,"href":"https:\/\/obcanskymonitoring.cz\/index.php?rest_route=\/wp\/v2\/posts\/7857\/revisions\/7859"}],"wp:attachment":[{"href":"https:\/\/obcanskymonitoring.cz\/index.php?rest_route=%2Fwp%2Fv2%2Fmedia&parent=7857"}],"wp:term":[{"taxonomy":"category","embeddable":true,"href":"https:\/\/obcanskymonitoring.cz\/index.php?rest_route=%2Fwp%2Fv2%2Fcategories&post=7857"},{"taxonomy":"post_tag","embeddable":true,"href":"https:\/\/obcanskymonitoring.cz\/index.php?rest_route=%2Fwp%2Fv2%2Ftags&post=7857"}],"curies":[{"name":"wp","href":"https:\/\/api.w.org\/{rel}","templated":true}]}}