{"id":804,"date":"2013-08-11T12:15:26","date_gmt":"2013-08-11T12:15:26","guid":{"rendered":"http:\/\/obcanskymonitoring.cz\/?p=804"},"modified":"2013-08-12T04:31:09","modified_gmt":"2013-08-12T04:31:09","slug":"jaka-bude-vlada-cezka-a-mostecka-uhelna","status":"publish","type":"post","link":"https:\/\/obcanskymonitoring.cz\/?p=804","title":{"rendered":"Jak\u00e1 bude vl\u00e1da? \u010cEZk\u00e1 a Mosteck\u00e1 uheln\u00e1"},"content":{"rendered":"<div class=\"pvc_clear\"><\/div>\n<p class=\"pvc_stats total_only \" data-element-id=\"804\" style=\"\"><i class=\"pvc-stats-icon medium\" aria-hidden=\"true\"><svg xmlns=\"http:\/\/www.w3.org\/2000\/svg\" version=\"1.0\" viewBox=\"0 0 502 315\" preserveAspectRatio=\"xMidYMid meet\"><g transform=\"translate(0,332) scale(0.1,-0.1)\" fill=\"\" stroke=\"none\"><path d=\"M2394 3279 l-29 -30 -3 -207 c-2 -182 0 -211 15 -242 39 -76 157 -76 196 0 15 31 17 60 15 243 l-3 209 -33 29 c-26 23 -41 29 -80 29 -41 0 -53 -5 -78 -31z\"\/><path d=\"M3085 3251 c-45 -19 -58 -50 -96 -229 -47 -217 -49 -260 -13 -295 52 -53 146 -42 177 20 16 31 87 366 87 410 0 70 -86 122 -155 94z\"\/><path d=\"M1751 3234 c-13 -9 -29 -31 -37 -50 -12 -29 -10 -49 21 -204 19 -94 39 -189 45 -210 14 -50 54 -80 110 -80 34 0 48 6 76 34 21 21 34 44 34 59 0 14 -18 113 -40 219 -37 178 -43 195 -70 221 -36 32 -101 37 -139 11z\"\/><path d=\"M1163 3073 c-36 -7 -73 -59 -73 -102 0 -56 133 -378 171 -413 34 -32 83 -37 129 -13 70 36 67 87 -16 290 -86 209 -89 214 -129 231 -35 14 -42 15 -82 7z\"\/><path d=\"M3689 3066 c-15 -9 -33 -30 -42 -48 -48 -103 -147 -355 -147 -375 0 -98 131 -148 192 -74 13 15 57 108 97 206 80 196 84 226 37 273 -30 30 -99 39 -137 18z\"\/><path d=\"M583 2784 c-38 -19 -67 -74 -58 -113 9 -42 211 -354 242 -373 16 -10 45 -18 66 -18 51 0 107 52 107 100 0 39 -1 41 -124 234 -80 126 -108 162 -133 173 -41 17 -61 16 -100 -3z\"\/><path d=\"M4250 2784 c-14 -9 -74 -91 -133 -183 -95 -150 -107 -173 -107 -213 0 -55 33 -94 87 -104 67 -13 90 8 211 198 130 202 137 225 78 284 -27 27 -42 34 -72 34 -22 0 -50 -8 -64 -16z\"\/><path d=\"M2275 2693 c-553 -48 -1095 -270 -1585 -649 -135 -104 -459 -423 -483 -476 -23 -49 -22 -139 2 -186 73 -142 361 -457 571 -626 285 -228 642 -407 990 -497 242 -63 336 -73 660 -74 310 0 370 5 595 52 535 111 1045 392 1455 803 122 121 250 273 275 326 19 41 19 137 0 174 -41 79 -309 363 -465 492 -447 370 -946 591 -1479 653 -113 14 -422 18 -536 8z m395 -428 c171 -34 330 -124 456 -258 112 -119 167 -219 211 -378 27 -96 24 -300 -5 -401 -72 -255 -236 -447 -474 -557 -132 -62 -201 -76 -368 -76 -167 0 -236 14 -368 76 -213 98 -373 271 -451 485 -162 444 86 934 547 1084 153 49 292 57 452 25z m909 -232 c222 -123 408 -262 593 -441 76 -74 138 -139 138 -144 0 -16 -233 -242 -330 -319 -155 -123 -309 -223 -461 -299 l-81 -41 32 46 c18 26 49 83 70 128 143 306 141 649 -6 957 -25 52 -61 116 -79 142 l-34 47 45 -20 c26 -10 76 -36 113 -56z m-2057 25 c-40 -58 -105 -190 -130 -263 -110 -324 -59 -707 132 -981 25 -35 42 -64 37 -64 -19 0 -241 119 -326 174 -188 122 -406 314 -532 468 l-58 71 108 103 c185 178 428 349 672 473 66 33 121 60 123 61 2 0 -10 -19 -26 -42z\"\/><path d=\"M2375 1950 c-198 -44 -350 -190 -395 -379 -18 -76 -8 -221 19 -290 114 -284 457 -406 731 -260 98 52 188 154 231 260 27 69 37 214 19 290 -38 163 -166 304 -326 360 -67 23 -215 33 -279 19z\"\/><\/g><\/svg><\/i> &nbsp;1,106&nbsp;total views<\/p>\n<div class=\"pvc_clear\"><\/div>\n<p><a href=\"http:\/\/obcanskymonitoring.cz\/wp-content\/uploads\/2013\/08\/MUS.jpg\"><img loading=\"lazy\" class=\"aligncenter size-thumbnail wp-image-805\" alt=\"MUS\" src=\"http:\/\/obcanskymonitoring.cz\/wp-content\/uploads\/2013\/08\/MUS-150x150.jpg\" width=\"150\" height=\"150\" \/><\/a><\/p>\n<p>Dokument programov\u00e9 prohl\u00e1\u0161en\u00ed vl\u00e1dy obsahuje jen velmi m\u00e1lo konkr\u00e9tn\u00edch, testovateln\u00fdch bod\u016f. V podstat\u011b je sp\u00ed\u0161e takov\u00fdm chl\u00e1choliv\u00fdm bianco \u0161ekem. Jak\u00e1 je a bude skute\u010dn\u00e1 politika vl\u00e1dy je mo\u017en\u00e9 ur\u010dit jen podle jej\u00edch \u010din\u016f. Zat\u00edm t\u011bch \u010din\u016f mnoho nebylo, p\u0159i\u010dem\u017e nejv\u00fdrazn\u011bj\u0161\u00ed jsou masivn\u00ed person\u00e1ln\u00ed v\u00fdm\u011bny na ministerstvech a jednotliv\u00fdch \u00fa\u0159adech. Poj\u010fme si je tedy rozebrat a pokusit se z nich odhadnout dal\u0161\u00ed v\u00fdvoj \u010desk\u00e9 &#8220;politiky&#8221;.<\/p>\n<p><!--more--><\/p>\n<p><strong>\u010cEZk\u00e1?<\/strong><\/p>\n<p>Bude vl\u00e1da \u010cEZk\u00e1? Ministr zahrani\u010dn\u00edch v\u011bc\u00ed Jan Kohout p\u0159i\u0161el na ministerstvo rovnou\u00a0<a href=\"http:\/\/tema.novinky.cz\/jan-kohout\">z dozor\u010d\u00ed rady \u010cEZu<\/a>. Souhlas\u00edm, lep\u0161\u00ed zastoupen\u00ed v zahrani\u010d\u00ed si \u010cEZk\u00e1 republika p\u0159\u00e1t ani nemohla. A je co \u017eehlit. Vztahy s\u00a0<a href=\"http:\/\/ekonomika.idnes.cz\/eu-zasahne-ve-prospech-cez-v-bulharsku-dhf-\/eko_euro.aspx?c=A130426_164536_eko_euro_neh\">Bulharskem<\/a>,\u00a0<a href=\"http:\/\/byznys.ihned.cz\/c1-59862690-cez-ma-dalsi-problem-rumunska-electrica-po-nem-v-arbitrazi-chce-pul-miliardy\">Rumunskem<\/a>,\u00a0<a href=\"http:\/\/ekonomika.idnes.cz\/cez-vede-arbitraz-proti-albanii-d3z-\/ekoakcie.aspx?c=A130516_091157_ekoakcie_fih\">Alb\u00e1ni\u00ed<\/a>\u00a0jsou napjat\u00e9, z\u00e1jmy \u010cEZka jsou ohro\u017een\u00e9. Abych v\u0161ak nebyl jen ironicky r\u00fdpav\u00fd, nov\u00fd ministr zastavil <a href=\"http:\/\/www.ceskapozice.cz\/byznys\/reality\/ministersky-kandidat-kohout-stirin-prodavat-nebudu\">prodej z\u00e1mku \u0160ti\u0159\u00edn<\/a> a\u00a0<a href=\"http:\/\/www.parlamentnilisty.cz\/arena\/monitor\/O-Lobkovicky-palac-se-Nemci-postaraji-lepe-haji-prodej-Schwarzenberg-272279\">prodej Lobkovick\u00e9ho pal\u00e1ce<\/a>, za co\u017e pat\u0159\u00ed nov\u00e9mu ministrovi, zcela bez ironie, pod\u011bkov\u00e1n\u00ed a potlesk ve stoje.<\/p>\n<p><strong>Mosteck\u00e1 uheln\u00e1?<\/strong><\/p>\n<p>Bude vl\u00e1da Mosteck\u00e1 uheln\u00e1? Soud s b\u00fdval\u00fdmi mana\u017eery se ve \u0160v\u00fdcarsku pro b\u00fdval\u00e9 mana\u017eery nevyv\u00edj\u00ed\u00a0<a href=\"http:\/\/www.ceskapozice.cz\/tag\/jacques-de-groot\">v\u016fbec dob\u0159e<\/a>.\u00a0<a href=\"http:\/\/www.ceskatelevize.cz\/ct24\/domaci\/230839-kauza-mus-de-groote-zacal-jako-prvni-z-obzalovanych-vypovidat\/\">De Groot za\u010dal mluvit<\/a>. \u010cesk\u00e1 republika by m\u011bla dostat od\u0161kodn\u011bn\u00ed\u00a0<a href=\"http:\/\/ekonomika.idnes.cz\/soud-s-uhlobarony-ve-svycarsku-konci-dw0-\/ekonomika.aspx?c=A130701_101222_ekonomika_spi\">p\u0159es 3 miliardy<\/a>.<\/p>\n<p>P\u0159ipome\u0148me, \u017ee mana\u017ee\u0159i ovl\u00e1dli MUS za\u00a0<a href=\"http:\/\/cs.wikipedia.org\/wiki\/Vl%C3%A1da_Milo%C5%A1e_Zemana\">Zemanovy vl\u00e1dy<\/a>\u00a0(MPO: Gr\u00e9gr, Finance &#8211; Mertl\u00edk), kte\u0159\u00ed pr\u016fb\u011b\u017en\u011b doch\u00e1zej\u00ed ke kauze vypov\u00eddat. Nepochybn\u011b shodou nijak nesouvisej\u00edc\u00edch okolnost\u00ed se stala na Ministerstvu pr\u016fmyslu a obchodu novou n\u00e1m\u011bstkyn\u00ed\u00a0<a href=\"http:\/\/www.mpo.cz\/dokument142564.html\">Alexandra Rudy\u0161arov\u00e1<\/a>,\u00a0<a href=\"http:\/\/www.prazskenovinky.cz\/zpravy\/zpravy\/stihani-manazeru-mostecke-uhelne-zahajeno\/\">b\u00fdval\u00e1 tiskov\u00e1 mluv\u010d\u00ed Mosteck\u00e9 uheln\u00e9<\/a>. Jist\u011b bude m\u00edt spoustu pr\u00e1ce. Jedno pova\u017euji za jist\u00e9. Transakce b\u00fdval\u00fdch mana\u017eer\u016f by nemohla proj\u00edt bez podpory st\u00e1tu. FNM ztratil majoritu a t\u00edm vliv, antimonopoln\u00ed \u00fa\u0159ad transakce\u00a0<a href=\"http:\/\/kraken.slv.cz\/UOHSS091\/1999\">schvaloval<\/a>. A\u017e se rozkryje a prok\u00e1\u017ee zodpov\u011bdnost st\u00e1tu, p\u016fjde politicky o hodn\u011b, mo\u017en\u00e1 o v\u0161echno.<\/p>\n<p>Abych nebyl jen r\u00fdpav\u00fd, za n\u00e1sleduj\u00edc\u00ed zm\u011bnu naopak n\u00e1le\u017e\u00ed MPO palec nahoru:\u00a0<a href=\"http:\/\/obcanskymonitoring.cz\/?p=795\">\u0160mejdi to budou m\u00edt t\u011b\u017e\u0161\u00ed. MPO p\u0159edkl\u00e1d\u00e1 novelu z\u00e1kona o ochran\u011b spot\u0159ebitele.<\/a><\/p>\n<p><strong>Chrenkova?<\/strong><\/p>\n<p>Ministrem pr\u016fmyslu a obchodu se stal\u00a0<a href=\"http:\/\/cs.wikipedia.org\/wiki\/Ji%C5%99%C3%AD_Cie%C5%84cia%C5%82a\">Ji\u0159\u00ed Ciencila<\/a>, kter\u00fd pracoval 13 let jako gener\u00e1ln\u00ed \u0159editel pro\u00a0<a href=\"http:\/\/cs.wikipedia.org\/wiki\/Tom%C3%A1%C5%A1_Chrenek\">Tom\u00e1\u0161e Chrenka<\/a>. A ano, Tom\u00e1\u0161 Chrenek byl nej\u0161t\u011bd\u0159ej\u0161\u00edm sponzorem nyn\u011bj\u0161\u00edho ministra financ\u00ed\u00a0<a href=\"http:\/\/zpravy.ihned.cz\/c1-60221810-kdo-vytahl-fischera-z-dluhu-pomohli-mu-chrenek-i-byznysmeni-z-rakouska-a-izraele\">Jana Fischera<\/a>.<\/p>\n<p>Na dotaz novin\u00e1\u0159e, zda v mnohalet\u00e9 spolupr\u00e1ci s Chrenkem nevid\u00ed mo\u017en\u00fd st\u0159et z\u00e1jm\u016f, Cienciala odpov\u011bd\u011bl, \u017ee o\u00a0<a href=\"http:\/\/www.enviweb.cz\/printclanek\/energie\/96669\/\">st\u0159et nejde, sp\u00ed\u0161e o synergii<\/a>. Souhlas\u00edm s t\u00edm, l\u00e9pe bych sarkasmus nedok\u00e1zal zformulovat.<\/p>\n<p><strong>R\u00e9s summ\u00e9<\/strong><\/p>\n<p>Vl\u00e1da bude korporativn\u00ed, jako byly ostatn\u011b i ty p\u0159ede\u0161l\u00e9. Postaven\u00ed ob\u010dana v\u016f\u010di politick\u00fdm korporac\u00edm z\u016fstane pod\u0159\u00edzen\u00e9. Netrapme se: Naprosto stejn\u00fd probl\u00e9m \u0159e\u0161\u00ed ob\u010dan\u00e9 v cel\u00e9 EU, o USA ani nemluv\u011b. Hlavn\u00edm politick\u00fdm heslem 19 stolet\u00ed bylo: &#8220;Prove\u010fme odluku st\u00e1tu a c\u00edrkve.&#8221; Povedlo se. \u017dijeme v sekul\u00e1rn\u00edm st\u00e1t\u011b. Zapla\u0165p\u00e1nb\u016fh.<\/p>\n<p>Heslem pro 21. stolet\u00ed budi\u017e: &#8220;Prove\u010fme odluku st\u00e1tu a korporac\u00ed.&#8221;<\/p>\n<p>Korporace jsou dobr\u00e9, kdy\u017e vyr\u00e1b\u011bj\u00ed pro sv\u00e9 z\u00e1kazn\u00edky v\u011bci; jsou \u0161patn\u00e9, kdy\u017e vyu\u017e\u00edvaj\u00ed sv\u00fdch zdroj\u016f (mnohdy v\u011bt\u0161\u00edch ne\u017e jsou zdroje cel\u00fdch st\u00e1t\u016f) k pod\u0159\u00edzen\u00ed cel\u00e9 spole\u010dnosti sv\u00fdm c\u00edl\u016fm. &#8211; Toto je skute\u010dn\u00e9 politick\u00e9 t\u00e9ma dne\u0161ka, nikoliv r\u016fzn\u00e9 pseudoud\u00e1losti a ha\u0161te\u0159en\u00ed, prezentovan\u00e9 jako politick\u00e9 d\u011bn\u00ed v \u010cR.<\/p>\n<div data-counters='1' data-style='square' data-size='regular' data-url='https:\/\/obcanskymonitoring.cz\/?p=804' data-title='Jak\u00e1 bude vl\u00e1da? \u010cEZk\u00e1 a Mosteck\u00e1 uheln\u00e1' class='linksalpha_container linksalpha_app_3'><a href='\/\/www.linksalpha.com\/share?network='facebook' class='linksalpha_icon_facebook'><\/a><a href='\/\/www.linksalpha.com\/share?network='twitter' class='linksalpha_icon_twitter'><\/a><a href='\/\/www.linksalpha.com\/share?network='googleplus' class='linksalpha_icon_googleplus'><\/a><a href='\/\/www.linksalpha.com\/share?network='mail' class='linksalpha_icon_mail'><\/a><\/div><div data-position='' data-url='https:\/\/obcanskymonitoring.cz\/?p=804' data-title='Jak\u00e1 bude vl\u00e1da? \u010cEZk\u00e1 a Mosteck\u00e1 uheln\u00e1' class='linksalpha_container linksalpha_app_7'><a href='\/\/www.linksalpha.com\/share?network='facebook' class='linksalpha_icon_facebook'><\/a><a href='\/\/www.linksalpha.com\/share?network='twitter' class='linksalpha_icon_twitter'><\/a><a href='\/\/www.linksalpha.com\/share?network='googleplus' class='linksalpha_icon_googleplus'><\/a><a href='\/\/www.linksalpha.com\/share?network='mail' class='linksalpha_icon_mail'><\/a><\/div>","protected":false},"excerpt":{"rendered":"<p>&nbsp;1,106&nbsp;total views Dokument programov\u00e9 prohl\u00e1\u0161en\u00ed vl\u00e1dy obsahuje jen velmi m\u00e1lo konkr\u00e9tn\u00edch, testovateln\u00fdch bod\u016f. V podstat\u011b je sp\u00ed\u0161e takov\u00fdm chl\u00e1choliv\u00fdm bianco \u0161ekem. Jak\u00e1 je a bude skute\u010dn\u00e1 politika vl\u00e1dy je mo\u017en\u00e9 ur\u010dit jen podle jej\u00edch \u010din\u016f. Zat\u00edm t\u011bch \u010din\u016f mnoho nebylo, p\u0159i\u010dem\u017e nejv\u00fdrazn\u011bj\u0161\u00ed jsou masivn\u00ed person\u00e1ln\u00ed v\u00fdm\u011bny na ministerstvech a jednotliv\u00fdch \u00fa\u0159adech. Poj\u010fme si je tedy [&hellip;]<\/p>\n","protected":false},"author":2,"featured_media":0,"comment_status":"open","ping_status":"open","sticky":true,"template":"","format":"standard","meta":[],"categories":[9],"tags":[],"_links":{"self":[{"href":"https:\/\/obcanskymonitoring.cz\/index.php?rest_route=\/wp\/v2\/posts\/804"}],"collection":[{"href":"https:\/\/obcanskymonitoring.cz\/index.php?rest_route=\/wp\/v2\/posts"}],"about":[{"href":"https:\/\/obcanskymonitoring.cz\/index.php?rest_route=\/wp\/v2\/types\/post"}],"author":[{"embeddable":true,"href":"https:\/\/obcanskymonitoring.cz\/index.php?rest_route=\/wp\/v2\/users\/2"}],"replies":[{"embeddable":true,"href":"https:\/\/obcanskymonitoring.cz\/index.php?rest_route=%2Fwp%2Fv2%2Fcomments&post=804"}],"version-history":[{"count":0,"href":"https:\/\/obcanskymonitoring.cz\/index.php?rest_route=\/wp\/v2\/posts\/804\/revisions"}],"wp:attachment":[{"href":"https:\/\/obcanskymonitoring.cz\/index.php?rest_route=%2Fwp%2Fv2%2Fmedia&parent=804"}],"wp:term":[{"taxonomy":"category","embeddable":true,"href":"https:\/\/obcanskymonitoring.cz\/index.php?rest_route=%2Fwp%2Fv2%2Fcategories&post=804"},{"taxonomy":"post_tag","embeddable":true,"href":"https:\/\/obcanskymonitoring.cz\/index.php?rest_route=%2Fwp%2Fv2%2Ftags&post=804"}],"curies":[{"name":"wp","href":"https:\/\/api.w.org\/{rel}","templated":true}]}}