{"id":835,"date":"2013-08-14T15:10:33","date_gmt":"2013-08-14T15:10:33","guid":{"rendered":"http:\/\/obcanskymonitoring.cz\/?p=835"},"modified":"2013-08-14T16:03:11","modified_gmt":"2013-08-14T16:03:11","slug":"jakou-metodikou-vlastne-ceska-televize-kontroluje-vyvazenost-zpravodajstvi","status":"publish","type":"post","link":"https:\/\/obcanskymonitoring.cz\/?p=835","title":{"rendered":"Sonda: Jak \u010cesk\u00e1 televize kontroluje vyv\u00e1\u017eenost sv\u00e9ho zpravodajstv\u00ed?"},"content":{"rendered":"<div class=\"pvc_clear\"><\/div>\n<p class=\"pvc_stats total_only \" data-element-id=\"835\" style=\"\"><i class=\"pvc-stats-icon medium\" aria-hidden=\"true\"><svg xmlns=\"http:\/\/www.w3.org\/2000\/svg\" version=\"1.0\" viewBox=\"0 0 502 315\" preserveAspectRatio=\"xMidYMid meet\"><g transform=\"translate(0,332) scale(0.1,-0.1)\" fill=\"\" stroke=\"none\"><path d=\"M2394 3279 l-29 -30 -3 -207 c-2 -182 0 -211 15 -242 39 -76 157 -76 196 0 15 31 17 60 15 243 l-3 209 -33 29 c-26 23 -41 29 -80 29 -41 0 -53 -5 -78 -31z\"\/><path d=\"M3085 3251 c-45 -19 -58 -50 -96 -229 -47 -217 -49 -260 -13 -295 52 -53 146 -42 177 20 16 31 87 366 87 410 0 70 -86 122 -155 94z\"\/><path d=\"M1751 3234 c-13 -9 -29 -31 -37 -50 -12 -29 -10 -49 21 -204 19 -94 39 -189 45 -210 14 -50 54 -80 110 -80 34 0 48 6 76 34 21 21 34 44 34 59 0 14 -18 113 -40 219 -37 178 -43 195 -70 221 -36 32 -101 37 -139 11z\"\/><path d=\"M1163 3073 c-36 -7 -73 -59 -73 -102 0 -56 133 -378 171 -413 34 -32 83 -37 129 -13 70 36 67 87 -16 290 -86 209 -89 214 -129 231 -35 14 -42 15 -82 7z\"\/><path d=\"M3689 3066 c-15 -9 -33 -30 -42 -48 -48 -103 -147 -355 -147 -375 0 -98 131 -148 192 -74 13 15 57 108 97 206 80 196 84 226 37 273 -30 30 -99 39 -137 18z\"\/><path d=\"M583 2784 c-38 -19 -67 -74 -58 -113 9 -42 211 -354 242 -373 16 -10 45 -18 66 -18 51 0 107 52 107 100 0 39 -1 41 -124 234 -80 126 -108 162 -133 173 -41 17 -61 16 -100 -3z\"\/><path d=\"M4250 2784 c-14 -9 -74 -91 -133 -183 -95 -150 -107 -173 -107 -213 0 -55 33 -94 87 -104 67 -13 90 8 211 198 130 202 137 225 78 284 -27 27 -42 34 -72 34 -22 0 -50 -8 -64 -16z\"\/><path d=\"M2275 2693 c-553 -48 -1095 -270 -1585 -649 -135 -104 -459 -423 -483 -476 -23 -49 -22 -139 2 -186 73 -142 361 -457 571 -626 285 -228 642 -407 990 -497 242 -63 336 -73 660 -74 310 0 370 5 595 52 535 111 1045 392 1455 803 122 121 250 273 275 326 19 41 19 137 0 174 -41 79 -309 363 -465 492 -447 370 -946 591 -1479 653 -113 14 -422 18 -536 8z m395 -428 c171 -34 330 -124 456 -258 112 -119 167 -219 211 -378 27 -96 24 -300 -5 -401 -72 -255 -236 -447 -474 -557 -132 -62 -201 -76 -368 -76 -167 0 -236 14 -368 76 -213 98 -373 271 -451 485 -162 444 86 934 547 1084 153 49 292 57 452 25z m909 -232 c222 -123 408 -262 593 -441 76 -74 138 -139 138 -144 0 -16 -233 -242 -330 -319 -155 -123 -309 -223 -461 -299 l-81 -41 32 46 c18 26 49 83 70 128 143 306 141 649 -6 957 -25 52 -61 116 -79 142 l-34 47 45 -20 c26 -10 76 -36 113 -56z m-2057 25 c-40 -58 -105 -190 -130 -263 -110 -324 -59 -707 132 -981 25 -35 42 -64 37 -64 -19 0 -241 119 -326 174 -188 122 -406 314 -532 468 l-58 71 108 103 c185 178 428 349 672 473 66 33 121 60 123 61 2 0 -10 -19 -26 -42z\"\/><path d=\"M2375 1950 c-198 -44 -350 -190 -395 -379 -18 -76 -8 -221 19 -290 114 -284 457 -406 731 -260 98 52 188 154 231 260 27 69 37 214 19 290 -38 163 -166 304 -326 360 -67 23 -215 33 -279 19z\"\/><\/g><\/svg><\/i> &nbsp;1,103&nbsp;total views<\/p>\n<div class=\"pvc_clear\"><\/div>\n<p>\u010cesk\u00e1 televize je ze\u00a0<a href=\"http:\/\/www.rozhlas.cz\/digital\/legislativa\/_zprava\/uplne-zneni-zakona-o-ceske-televizi-s-novelami-ohledne-digitalizace--158865\">z\u00e1kona o \u010cesk\u00e9 televizi<\/a> povinna poskytovat vyv\u00e1\u017een\u00e9 zpravodajstv\u00ed pro ob\u010dany \u010cR.<\/p>\n<p><!--more--><\/p>\n<p>Pro \u00fa\u010dely uveden\u00ed do kontextu si\u00a0odcitujme paragraf 2 <a href=\"http:\/\/www.rozhlas.cz\/digital\/legislativa\/_zprava\/uplne-zneni-zakona-o-ceske-televizi-s-novelami-ohledne-digitalizace--158865\">z\u00e1kona o \u010cesk\u00e9 televizi:<\/a><\/p>\n<p><em>2) Hlavn\u00edmi \u00fakoly ve\u0159ejn\u00e9 slu\u017eby v oblasti televizn\u00edho vys\u00edl\u00e1n\u00ed jsou zejm\u00e9na<\/em><\/p>\n<p><em>a) poskytov\u00e1n\u00ed objektivn\u00edch, ov\u011b\u0159en\u00fdch, ve sv\u00e9m celku vyv\u00e1\u017een\u00fdch a v\u0161estrann\u00fdch informac\u00ed pro svobodn\u00e9 vytv\u00e1\u0159en\u00ed n\u00e1zor\u016f, <\/em><br \/>\n<em>b) p\u0159isp\u00edv\u00e1n\u00ed k pr\u00e1vn\u00edmu v\u011bdom\u00ed obyvatel \u010cesk\u00e9 republiky, <\/em><br \/>\n<em>c) vytv\u00e1\u0159en\u00ed a \u0161\u00ed\u0159en\u00ed program\u016f a poskytov\u00e1n\u00ed vyv\u00e1\u017een\u00e9 nab\u00eddky po\u0159ad\u016f pro v\u0161echny skupiny obyvatel se z\u0159etelem na svobodu jejich n\u00e1bo\u017eensk\u00e9 v\u00edry a p\u0159esv\u011bd\u010den\u00ed, kulturu, etnick\u00fd nebo n\u00e1rodnostn\u00ed p\u016fvod, n\u00e1rodn\u00ed toto\u017enost, soci\u00e1ln\u00ed p\u016fvod, v\u011bk nebo pohlav\u00ed tak, aby tyto programy a po\u0159ady odr\u00e1\u017eely rozmanitost n\u00e1zor\u016f a politick\u00fdch, n\u00e1bo\u017eensk\u00fdch, filozofick\u00fdch a um\u011bleck\u00fdch sm\u011br\u016f, a to s c\u00edlem pos\u00edlit vz\u00e1jemn\u00e9 porozum\u011bn\u00ed a toleranci a podporovat soudr\u017enost pluralitn\u00ed spole\u010dnosti, <\/em><br \/>\n<em>d) rozv\u00edjen\u00ed kulturn\u00ed identity obyvatel \u010cesk\u00e9 republiky v\u010detn\u011b p\u0159\u00edslu\u0161n\u00edk\u016f n\u00e1rodnostn\u00edch nebo etnick\u00fdch men\u0161in, <\/em><br \/>\n<em>e) v\u00fdroba a vys\u00edl\u00e1n\u00ed zejm\u00e9na zpravodajsk\u00fdch, publicistick\u00fdch, dokument\u00e1rn\u00edch, um\u011bleck\u00fdch, dramatick\u00fdch, sportovn\u00edch, z\u00e1bavn\u00fdch a vzd\u011bl\u00e1vac\u00edch po\u0159ad\u016f a po\u0159ad\u016f pro d\u011bti a ml\u00e1de\u017e.<\/em><\/p>\n<p>Tolik tedy litera z\u00e1kona.\u00a0Poj\u010fme se nyn\u00ed pod\u00edvat, jak konkr\u00e9tn\u011b, jakou metodikou \u010cesk\u00e1 televize soulad sv\u00fdch slu\u017eeb se z\u00e1konem kontroluje.\u00a0\u010cesk\u00e9 televizi slou\u017e\u00ed ke kontrole dokumenty, tzv. <a href=\"http:\/\/www.ceskatelevize.cz\/vse-o-ct\/press\/analyza-zpravodajstvi-a-publicistiky\/?id=6618&amp;strana-5=1&amp;category=5\">anal\u00fdzy zpravodajstv\u00ed \u010cesk\u00e9 televize<\/a>, kter\u00e9 pro \u010ceskou televizi dod\u00e1vaj\u00ed extern\u00ed medi\u00e1ln\u00ed agentury. \u00a0Nejsou levn\u00e9, pln\u011bn\u00ed je v \u0159\u00e1du milion\u016f korun, pro n\u00e1zornost uv\u00e1d\u00edme zde v\u00fdsledek <a href=\"http:\/\/www.v-zakazky.cz\/show_archiv.php?id=35859\">jednoho z v\u00fdb\u011brov\u00fdch \u0159\u00edzen\u00ed<\/a>\u00a0na tyto anal\u00fdzy. &#8211; Hodnota zak\u00e1zky byla\u00a04 182 300,00 K\u010d bez DPH. Kompletn\u00ed detaily o t\u00e9to zak\u00e1zce si m\u016f\u017eete <a href=\"http:\/\/www.vestnikverejnychzakazek.cz\/cz\/Form\/Display\/377490\">p\u0159e\u010d\u00edst zde<\/a>. To nejsou mal\u00e9 pen\u00edze, ale \u010cesk\u00e1 televize na to m\u00e1, v\u017edy\u0165 hospoda\u0159\u00ed <a href=\"http:\/\/www.ceskatelevize.cz\/ct24\/media-it\/210344-rada-ct-schvalila-rozpocet-na-rok-2013\/\">s ro\u010dn\u00edm rozpo\u010dtem p\u0159esahuj\u00edc\u00edm 7 miliard korun<\/a>.<\/p>\n<p>Tolik tedy finan\u010dn\u00ed aspekty.\u00a0Nyn\u00ed se poj\u010fme pod\u00edvat na kvalitu t\u011bchto anal\u00fdz &#8211; na uk\u00e1zk\u00e1ch z konkr\u00e9tn\u00edch v\u00fdstup\u016f. \u00a0Nam\u00e1tkov\u011b vyb\u00edr\u00e1m <a href=\"http:\/\/www.ceskatelevize.cz\/vse-o-ct\/press\/analyza-zpravodajstvi-a-publicistiky\/?id=6619&amp;strana-5=1&amp;category=5\">posledn\u00ed anal\u00fdzu<\/a>: <em>&#8220;Anal\u00fdza zpravodajstv\u00ed \u010desk\u00fdch televiz\u00ed &#8211; Q 1 \/ 2013&#8221;, <\/em>pln\u00fd text <a href=\"http:\/\/img.ceskatelevize.cz\/press\/2490.pdf\">zde<\/a>. Poj\u010fme si nyn\u00ed pro p\u0159edstavu odcitovat n\u011bkter\u00e9 vybran\u00e9 pas\u00e1\u017ee z anal\u00fdzy:<\/p>\n<p><em>&#8220;VARIABILITA<\/em><\/p>\n<ul>\n<li><em>\u00a0Pod\u00edl prezentovan\u00fdch mu\u017e\u016f a \u017een v Ud\u00e1lostech byl p\u0159ibli\u017en\u011b t\u0159i ku jedn\u00e9 v neprosp\u011bch \u017een. Do prvn\u00ed dvac\u00edtky prezentovan\u00fdch politik\u016f se prosadily pouze t\u0159i \u017eeny, ani jednou p\u0159itom nebyla jedna z kandid\u00e1tek prezidentsk\u00e9 volby. Genderov\u011b nevariabiln\u00ed p\u0159itom byly Ud\u00e1losti, koment\u00e1\u0159e, kde tvo\u0159il pod\u00edl \u017een pouh\u00fdch 17 procent zastoupen\u00fdch osob.&#8221; <\/em>(strana 4).<\/li>\n<\/ul>\n<p>Tolik statistika genderov\u00e9 vyv\u00e1\u017eenosti. \u010c\u00e1rkov\u00e1n\u00ed, sou\u010dty, procenta. Nepot\u0159ebujeme mysl\u00edm dal\u0161\u00edch koment\u00e1\u0159\u016f.<\/p>\n<p>Poj\u010fme se nyn\u00ed pod\u00edvat na &#8220;analyti\u010dt\u011bj\u0161\u00ed&#8221; \u010d\u00e1st dokumentu. Pov\u0161imn\u011bte si \u00farovn\u011b jazykov\u00e9ho stylu. Takto medi\u00e1ln\u00ed analytik popisuje odebr\u00e1n\u00ed licence \u010cEZu v balk\u00e1nsk\u00fdch zem\u00edch.\u00a0Psalo text anal\u00fdzy d\u00edt\u011b?<\/p>\n<p><em>&#8220;Spole\u010dnost \u010cEZ v Alb\u00e1nii a Bulharsku potkala nep\u0159\u00edjemn\u00e1 situace. Tamn\u00ed vl\u00e1dy toti\u017e poukazovaly na vysokou cenu elekt\u0159iny poskytovanou tuzemsk\u00fdm energetick\u00fdm koncernem. V Alb\u00e1nii byla \u010cEZu odebr\u00e1na licence na distribuci elekt\u0159iny, v Bulharsku se po zest\u00e1tn\u011bn\u00ed dod\u00e1vek energi\u00ed a rozs\u00e1hl\u00fdch ob\u010dansk\u00fdch nepokoj\u00edch schylovalo k t\u00e9mu\u017e. Pr\u00e1v\u011b kv\u016fli popsan\u00e9mu d\u011bn\u00ed se v\u00edce ne\u017e t\u0159etina informac\u00ed o podniku nesla v nep\u0159\u00edzniv\u00e9m duchu. Tuto situaci mohla pro \u010cEZ kompenzovat pom\u011brn\u011b p\u0159\u00edzniv\u00e1, i kdy\u017e minim\u00e1ln\u00ed, medializace Jadern\u00e9 elektr\u00e1rny Temel\u00edn, kter\u00e1 tak\u00e9 do Skupiny \u010cEZ pat\u0159\u00ed.&#8221; (<\/em>strana 16).<\/p>\n<p>Skute\u010dnou senzac\u00ed, ze kter\u00e9 mraz\u00ed, je ov\u0161em kapitola <em>5. Moder\u00e1to\u0159i rozhovor\u016f. <\/em>(strana 14).<\/p>\n<p>Metodika hodnocen\u00ed moder\u00e1tor\u016f je vysv\u011btlena n\u00e1sledovn\u011b: <em>&#8220;Moder\u00e1tor\u016fm rozhovor\u016f se nab\u00edz\u00ed cel\u00e1 \u0161k\u00e1la mo\u017en\u00fdch zp\u016fsob\u016f pokl\u00e1d\u00e1n\u00ed dotaz\u016f a z\u00edsk\u00e1v\u00e1n\u00ed informac\u00ed od interviewovan\u00fdch politik\u016f. Standardizovan\u00e1 metodika pak dovoluje kvantifikovat, nakolik byl moder\u00e1tor \u010di moder\u00e1torka v\u016f\u010di zpov\u00eddan\u00e9mu hostovi <span style=\"text-decoration: underline;\">konfronta\u010dn\u00ed<\/span>, p\u0159esn\u011bji \u0159e\u010deno, jak\u00fd pod\u00edl z j\u00edm pronesen\u00fdch replik tvo\u0159ily repliky takzvan\u011b konfronta\u010dn\u00ed (p\u0159\u00edkladem konfronta\u010dn\u00ed repliky m\u016f\u017ee b\u00fdt tzv. zji\u0161\u0165ovac\u00ed z\u00e1porn\u00e1\/neshodn\u00e1 ot\u00e1zka \u201eNen\u00ed to sp\u00ed\u0161 naopak?&#8221; nebo pochybov\u00e1\/podivov\u00e1 replika \u201eJak je mo\u017en\u00e9, \u017ee vl\u00e1da dosud vl\u00e1dne, kdy\u017e jste s n\u00ed tak nespokojeni?&#8221;). (strana 14).<\/em><\/p>\n<p style=\"text-align: center;\"><a href=\"http:\/\/obcanskymonitoring.cz\/wp-content\/uploads\/2013\/08\/konfrontace.jpg\"><img loading=\"lazy\" class=\"wp-image-836 aligncenter\" alt=\"konfrontace\" src=\"http:\/\/obcanskymonitoring.cz\/wp-content\/uploads\/2013\/08\/konfrontace.jpg\" width=\"431\" height=\"253\" srcset=\"https:\/\/obcanskymonitoring.cz\/wp-content\/uploads\/2013\/08\/konfrontace.jpg 1223w, https:\/\/obcanskymonitoring.cz\/wp-content\/uploads\/2013\/08\/konfrontace-300x175.jpg 300w, https:\/\/obcanskymonitoring.cz\/wp-content\/uploads\/2013\/08\/konfrontace-1024x599.jpg 1024w\" sizes=\"(max-width: 431px) 100vw, 431px\" \/><\/a><\/p>\n<p>\u00a0<em id=\"__mceDel\">Skute\u010dn\u011b umrtvuj\u00edc\u00ed je koment\u00e1\u0159: <em>&#8220;Na repliky nejbohat\u0161\u00ed byly relace Hyde Parku, kter\u00e9 moderoval Luk\u00e1\u0161 Dolansk\u00fd. Jak ukazuje n\u00e1sleduj\u00edc\u00ed tabulka, moder\u00e1tor vedl p\u011bt ze sedmi vyd\u00e1n\u00ed po\u0159adu s neintenzivn\u011bj\u0161\u00ed moderac\u00ed. Vysok\u00fd pod\u00edl konfronta\u010dnosti replik byl p\u0159itom zaznamen\u00e1n p\u0159i rozhovoru Dolansk\u00e9ho s Borisem \u0160\u0165astn\u00fdm z 19. \u00fanora.&#8221; (str. 14).<\/em><\/em><\/p>\n<p>My co ze socialismu pamatujeme na \u010dten\u00ed mezi \u0159\u00e1dky, nepot\u0159ebujeme dal\u0161\u00ed koment\u00e1\u0159. Neslou\u017e\u00ed dokument jako pracovn\u00ed podklad od\u016fvod\u0148uj\u00edc\u00ed odvol\u00e1n\u00ed nepohodln\u00fdch moder\u00e1tor\u016f? Nen\u00ed mo\u017en\u00e9 dokument takto pou\u017e\u00edt? Pop\u0159\u00edpad\u011b, neslou\u017e\u00ed dokument k zastra\u0161en\u00ed moder\u00e1tora, kter\u00fd &#8220;za\u010dal zlobit?&#8221; Ani slovo o kvalit\u011b p\u0159\u00edpravy moder\u00e1tora, o jeho v\u011bcn\u00e9 znalosti t\u00e9matu. Toto lze pova\u017eovat skute\u010dn\u011b za zar\u00e1\u017eej\u00edc\u00ed.<\/p>\n<p><strong>Z\u00e1v\u011br<\/strong><\/p>\n<p>Analytick\u00e1, intelektu\u00e1ln\u00ed i jazykov\u00e1 \u00farove\u0148 materi\u00e1lu je uboh\u00e1, viz formula\u010dn\u00ed perly:\u00a0<em>&#8220;I zde je nutno p\u0159ipomenout, \u017ee hlavn\u00ed relace \u010cesk\u00e9 televize v\u00fdrazn\u011b nej\u010dast\u011bji informovala o d\u011bn\u00ed na tuzemsk\u00e9 politick\u00e9 sc\u00e9n\u011b p\u0159ed, b\u011bhem a po volb\u011b prezidenta. Jak Milo\u0161 Zeman ji\u017e v p\u0159edvolebn\u00edch duelech p\u0159edznamen\u00e1val, jeho prvn\u00ed zahrani\u010dn\u00ed n\u00e1v\u0161t\u011bva v pozici hlavy st\u00e1tu vedla na Slovensko. \u00a0St\u00e1t za v\u00fdchodn\u00ed hranic\u00ed Moravy byl p\u0159ipom\u00edn\u00e1n tak\u00e9 v souvislosti s 20. v\u00fdro\u010d\u00edm rozd\u011blen\u00ed \u010desko-slovensk\u00e9 federace.\u00a0&#8221; (strana 18)<\/em><\/p>\n<p><strong>R\u00e9s summ\u00e9<\/strong><\/p>\n<p>Praktick\u00e1 vyu\u017eitelnost dokumentu je nulov\u00e1, pokud za praktickou vyu\u017eitelnost nepova\u017eujeme mana\u017eersk\u00fd podklad pro odvol\u00e1n\u00ed \u010di vypl\u00edsn\u011bn\u00ed novin\u00e1\u0159e, kter\u00fd za\u010dal &#8220;zlobit&#8221;. Je skute\u010dn\u011b smutn\u00e9, \u017ee za dokumenty podobn\u00e9 \u00farovn\u011b jsou utr\u00e1ceny pen\u00edze da\u0148ov\u00fdch poplatn\u00edk\u016f: kdy \u010d\u00e1rkovac\u00ed statistika s ploch\u00fdm koment\u00e1\u0159em je vyd\u00e1v\u00e1na za anal\u00fdzu.<\/p>\n<p>Anal\u00fdzou t\u011bchto anal\u00fdz jsem cht\u011bl uk\u00e1zat na stav \u010cesk\u00e9 televize. S\u00e1m za sebe u\u017e ch\u00e1pu, pro\u010d nebyl gener\u00e1ln\u00edm \u0159editelem \u010cT zvolen tenkr\u00e1t ve v\u00fdb\u011brov\u00e9m \u0159\u00edzen\u00ed <a href=\"http:\/\/www.reflex.cz\/clanek\/zpravy\/43210\/novy-reditel-ceske-televize-se-nebude-jmenovat-fenic-bude-mit-jedno-z-techto-jmen-bradac-dvorak-chudarek-svoboda-nebo-simek.html\">Fero Feni\u010d<\/a>, podle jak\u00fdch krit\u00e9ri\u00ed mohli takov\u00e9ho \u010dlov\u011bka vylou\u010dit. I odpov\u011bdi na dal\u0161\u00ed pro\u010d&#8230; \u00a0&#8211; A to byl d\u016fvod vzniku tohoto \u010dl\u00e1nku. \u00a0Hezk\u00fd den!<\/p>\n<div data-counters='1' data-style='square' data-size='regular' data-url='https:\/\/obcanskymonitoring.cz\/?p=835' data-title='Sonda: Jak \u010cesk\u00e1 televize kontroluje vyv\u00e1\u017eenost sv\u00e9ho zpravodajstv\u00ed?' class='linksalpha_container linksalpha_app_3'><a href='\/\/www.linksalpha.com\/share?network='facebook' class='linksalpha_icon_facebook'><\/a><a href='\/\/www.linksalpha.com\/share?network='twitter' class='linksalpha_icon_twitter'><\/a><a href='\/\/www.linksalpha.com\/share?network='googleplus' class='linksalpha_icon_googleplus'><\/a><a href='\/\/www.linksalpha.com\/share?network='mail' class='linksalpha_icon_mail'><\/a><\/div><div data-position='' data-url='https:\/\/obcanskymonitoring.cz\/?p=835' data-title='Sonda: Jak \u010cesk\u00e1 televize kontroluje vyv\u00e1\u017eenost sv\u00e9ho zpravodajstv\u00ed?' class='linksalpha_container linksalpha_app_7'><a href='\/\/www.linksalpha.com\/share?network='facebook' class='linksalpha_icon_facebook'><\/a><a href='\/\/www.linksalpha.com\/share?network='twitter' class='linksalpha_icon_twitter'><\/a><a href='\/\/www.linksalpha.com\/share?network='googleplus' class='linksalpha_icon_googleplus'><\/a><a href='\/\/www.linksalpha.com\/share?network='mail' class='linksalpha_icon_mail'><\/a><\/div>","protected":false},"excerpt":{"rendered":"<p>&nbsp;1,103&nbsp;total views \u010cesk\u00e1 televize je ze\u00a0z\u00e1kona o \u010cesk\u00e9 televizi povinna poskytovat vyv\u00e1\u017een\u00e9 zpravodajstv\u00ed pro ob\u010dany \u010cR.<\/p>\n","protected":false},"author":2,"featured_media":0,"comment_status":"open","ping_status":"open","sticky":true,"template":"","format":"standard","meta":[],"categories":[8],"tags":[],"_links":{"self":[{"href":"https:\/\/obcanskymonitoring.cz\/index.php?rest_route=\/wp\/v2\/posts\/835"}],"collection":[{"href":"https:\/\/obcanskymonitoring.cz\/index.php?rest_route=\/wp\/v2\/posts"}],"about":[{"href":"https:\/\/obcanskymonitoring.cz\/index.php?rest_route=\/wp\/v2\/types\/post"}],"author":[{"embeddable":true,"href":"https:\/\/obcanskymonitoring.cz\/index.php?rest_route=\/wp\/v2\/users\/2"}],"replies":[{"embeddable":true,"href":"https:\/\/obcanskymonitoring.cz\/index.php?rest_route=%2Fwp%2Fv2%2Fcomments&post=835"}],"version-history":[{"count":0,"href":"https:\/\/obcanskymonitoring.cz\/index.php?rest_route=\/wp\/v2\/posts\/835\/revisions"}],"wp:attachment":[{"href":"https:\/\/obcanskymonitoring.cz\/index.php?rest_route=%2Fwp%2Fv2%2Fmedia&parent=835"}],"wp:term":[{"taxonomy":"category","embeddable":true,"href":"https:\/\/obcanskymonitoring.cz\/index.php?rest_route=%2Fwp%2Fv2%2Fcategories&post=835"},{"taxonomy":"post_tag","embeddable":true,"href":"https:\/\/obcanskymonitoring.cz\/index.php?rest_route=%2Fwp%2Fv2%2Ftags&post=835"}],"curies":[{"name":"wp","href":"https:\/\/api.w.org\/{rel}","templated":true}]}}