{"id":901,"date":"2013-11-14T08:51:23","date_gmt":"2013-11-14T08:51:23","guid":{"rendered":"http:\/\/obcanskymonitoring.cz\/?p=901"},"modified":"2013-11-14T08:54:11","modified_gmt":"2013-11-14T08:54:11","slug":"vlada-schvalila-koncepci-prevence-a-reseni-bezdomovectvi-jaka-je-recenze","status":"publish","type":"post","link":"https:\/\/obcanskymonitoring.cz\/?p=901","title":{"rendered":"Vl\u00e1dn\u00ed koncepce prevence a \u0159e\u0161en\u00ed bezdomovectv\u00ed. Jak\u00e1 je?"},"content":{"rendered":"<div class=\"pvc_clear\"><\/div>\n<p class=\"pvc_stats total_only \" data-element-id=\"901\" style=\"\"><i class=\"pvc-stats-icon medium\" aria-hidden=\"true\"><svg xmlns=\"http:\/\/www.w3.org\/2000\/svg\" version=\"1.0\" viewBox=\"0 0 502 315\" preserveAspectRatio=\"xMidYMid meet\"><g transform=\"translate(0,332) scale(0.1,-0.1)\" fill=\"\" stroke=\"none\"><path d=\"M2394 3279 l-29 -30 -3 -207 c-2 -182 0 -211 15 -242 39 -76 157 -76 196 0 15 31 17 60 15 243 l-3 209 -33 29 c-26 23 -41 29 -80 29 -41 0 -53 -5 -78 -31z\"\/><path d=\"M3085 3251 c-45 -19 -58 -50 -96 -229 -47 -217 -49 -260 -13 -295 52 -53 146 -42 177 20 16 31 87 366 87 410 0 70 -86 122 -155 94z\"\/><path d=\"M1751 3234 c-13 -9 -29 -31 -37 -50 -12 -29 -10 -49 21 -204 19 -94 39 -189 45 -210 14 -50 54 -80 110 -80 34 0 48 6 76 34 21 21 34 44 34 59 0 14 -18 113 -40 219 -37 178 -43 195 -70 221 -36 32 -101 37 -139 11z\"\/><path d=\"M1163 3073 c-36 -7 -73 -59 -73 -102 0 -56 133 -378 171 -413 34 -32 83 -37 129 -13 70 36 67 87 -16 290 -86 209 -89 214 -129 231 -35 14 -42 15 -82 7z\"\/><path d=\"M3689 3066 c-15 -9 -33 -30 -42 -48 -48 -103 -147 -355 -147 -375 0 -98 131 -148 192 -74 13 15 57 108 97 206 80 196 84 226 37 273 -30 30 -99 39 -137 18z\"\/><path d=\"M583 2784 c-38 -19 -67 -74 -58 -113 9 -42 211 -354 242 -373 16 -10 45 -18 66 -18 51 0 107 52 107 100 0 39 -1 41 -124 234 -80 126 -108 162 -133 173 -41 17 -61 16 -100 -3z\"\/><path d=\"M4250 2784 c-14 -9 -74 -91 -133 -183 -95 -150 -107 -173 -107 -213 0 -55 33 -94 87 -104 67 -13 90 8 211 198 130 202 137 225 78 284 -27 27 -42 34 -72 34 -22 0 -50 -8 -64 -16z\"\/><path d=\"M2275 2693 c-553 -48 -1095 -270 -1585 -649 -135 -104 -459 -423 -483 -476 -23 -49 -22 -139 2 -186 73 -142 361 -457 571 -626 285 -228 642 -407 990 -497 242 -63 336 -73 660 -74 310 0 370 5 595 52 535 111 1045 392 1455 803 122 121 250 273 275 326 19 41 19 137 0 174 -41 79 -309 363 -465 492 -447 370 -946 591 -1479 653 -113 14 -422 18 -536 8z m395 -428 c171 -34 330 -124 456 -258 112 -119 167 -219 211 -378 27 -96 24 -300 -5 -401 -72 -255 -236 -447 -474 -557 -132 -62 -201 -76 -368 -76 -167 0 -236 14 -368 76 -213 98 -373 271 -451 485 -162 444 86 934 547 1084 153 49 292 57 452 25z m909 -232 c222 -123 408 -262 593 -441 76 -74 138 -139 138 -144 0 -16 -233 -242 -330 -319 -155 -123 -309 -223 -461 -299 l-81 -41 32 46 c18 26 49 83 70 128 143 306 141 649 -6 957 -25 52 -61 116 -79 142 l-34 47 45 -20 c26 -10 76 -36 113 -56z m-2057 25 c-40 -58 -105 -190 -130 -263 -110 -324 -59 -707 132 -981 25 -35 42 -64 37 -64 -19 0 -241 119 -326 174 -188 122 -406 314 -532 468 l-58 71 108 103 c185 178 428 349 672 473 66 33 121 60 123 61 2 0 -10 -19 -26 -42z\"\/><path d=\"M2375 1950 c-198 -44 -350 -190 -395 -379 -18 -76 -8 -221 19 -290 114 -284 457 -406 731 -260 98 52 188 154 231 260 27 69 37 214 19 290 -38 163 -166 304 -326 360 -67 23 -215 33 -279 19z\"\/><\/g><\/svg><\/i> &nbsp;1,189&nbsp;total views<\/p>\n<div class=\"pvc_clear\"><\/div>\n<p>Vl\u00e1da na sv\u00e9m jedn\u00e1n\u00ed 28.8.2013 schv\u00e1lila\u00a0<a href=\"http:\/\/www.vlada.cz\/assets\/media-centrum\/aktualne\/Koncepce-prevence-a-reseni-problematiky-bezdomovectvi-v-CR-do-roku-2020.pdf\">koncepci prevence a \u0159e\u0161en\u00ed bezdomovectv\u00ed<\/a>. Jak\u00e1 je? Pln\u00fd text\u00a0dokumentu si m\u016f\u017eete p\u0159e\u010d\u00edst <a href=\"http:\/\/www.vlada.cz\/assets\/media-centrum\/aktualne\/Koncepce-prevence-a-reseni-problematiky-bezdomovectvi-v-CR-do-roku-2020.pdf\">zde<\/a>. P\u0159in\u00e1\u0161\u00edm stru\u010dn\u00fd v\u00fdtah pas\u00e1\u017e\u00ed, kter\u00e9 pova\u017euji za d\u016fle\u017eit\u00e9.<\/p>\n<p><!--more--><\/p>\n<p><strong>Druhy bezdomovectv\u00ed<\/strong><\/p>\n<p>Studie rozli\u0161uje n\u00e1sleduj\u00edc\u00ed typy bezdomovectv\u00ed :<\/p>\n<ul>\n<li><strong>Zjevn\u00e9<\/strong> bezdomovectv\u00ed (situace osob p\u0159esp\u00e1vaj\u00edc\u00edch na ve\u0159ejn\u00fdch m\u00edstech)<\/li>\n<li><strong>Skryt\u00e9<\/strong> bezdomovectv\u00ed (situace osob, kter\u00e9 nemaj\u00ed sv\u016fj domov, ale hledaj\u00ed leg\u00e1ln\u00ed nebo neleg\u00e1ln\u00ed ubytov\u00e1n\u00ed)<\/li>\n<li><strong>Potenci\u00e1ln\u00ed<\/strong> (dom\u00e1cnost je\u0161t\u011b \u017eije v byt\u011b a ani si nemus\u00ed uv\u011bdomovat, \u017ee je jej\u00ed bydlen\u00ed ohro\u017eeno).<\/li>\n<\/ul>\n<p><strong>P\u0159\u00ed\u010diny bezdomovectv\u00ed<\/strong> dokument rozli\u0161uje na:<\/p>\n<ul>\n<li><strong>Kr\u00e1tk\u00e9<\/strong> (zalo\u017eeno na soub\u011bhu vliv\u016f, kter\u00e9 mohou pom\u011brn\u011b rychle v\u00e9st k bezdomovectv\u00ed, jako je spojen\u00ed zadlu\u017een\u00ed, dlouhodob\u00e9 nezam\u011bstnanosti, zdravotn\u00edch pot\u00ed\u017e\u00ed, vysok\u00fdch mandatorn\u00edch n\u00e1klad\u016f na chod dom\u00e1cnosti, rozpad rodiny a vylou\u010den\u00ed osoby z dom\u00e1cnosti do situace bezdomovectv\u00ed).<\/li>\n<li><strong>Dlouh\u00e9<\/strong> (podoba celo\u017eivotn\u00ed dr\u00e1hy osoby \u201erod\u00edc\u00ed se do situace soci\u00e1ln\u00edho vylou\u010den\u00ed\u201c, kterou projde 30 a\u017e 40 % v\u0161ech zjevn\u00fdch a skryt\u00fdch bezdomovc\u016f v \u010cR).<\/li>\n<li><strong>Zdravotn\u00ed<\/strong> (nepot\u0159ebuje koment\u00e1\u0159).<\/li>\n<\/ul>\n<p><strong>St\u00e1t je povinen lidem bez domova pom\u00e1hat<\/strong><\/p>\n<p>&#8230;vypl\u00fdv\u00e1 to nejen z maxim p\u0159irozen\u00e9 lidsk\u00e9 humanity, ale i z Listiny pr\u00e1v a svobod i z mezin\u00e1rodn\u00edch \u00famluv, kter\u00e9 \u010cesk\u00e1 republika podepsala.\u00a0Studie p\u0159ipom\u00edn\u00e1 tyto z\u00e1vazky: &#8220;<em>Pr\u00e1vo na bydlen\u00ed je v\u00fdslovn\u011b zakotveno v mezin\u00e1rodn\u00edch dokumentech, jich\u017e je \u010cesk\u00e1 republika signat\u00e1\u0159sk\u00fdm st\u00e1tem, nebo jejich ratifikaci pl\u00e1nuje.\u00a0<\/em><em>Revidovan\u00e1 Evropsk\u00e1 soci\u00e1ln\u00ed charta (zat\u00edm neratifikovan\u00e1) zakotvuje pr\u00e1vo na bydlen\u00ed v \u010d\u00e1sti I, bod \u010d. 31: \u201eKa\u017ed\u00fd m\u00e1 pr\u00e1vo na bydlen\u00ed.\u201c \u00a0(<\/em>str. 17).<\/p>\n<p><strong>Kdo m\u00e1 lidem bez domova pomoci?<\/strong><\/p>\n<ul>\n<li><strong>\u00dast\u0159edn\u00ed org\u00e1ny st\u00e1tn\u00ed spr\u00e1vy<\/strong>. Bezdomovectv\u00ed je v gesci MPSV a MMR. Za oblast zdrav\u00ed Ministerstvo zdravotnictv\u00ed. V ot\u00e1zk\u00e1ch vzd\u011bl\u00e1v\u00e1n\u00ed M\u0160MT. V oblasti ve\u0159ejn\u00e9ho po\u0159\u00e1dku, migrace cizinc\u016f: MV a Policie \u010cR. V n\u011bkter\u00fdch ot\u00e1zk\u00e1ch ur\u010duj\u00edc\u00edch dostupnost bydlen\u00ed je gesce Ministerstva financ\u00ed. D\u00e1le je to\u00a0Agentura pro soci\u00e1ln\u00ed za\u010dle\u0148ov\u00e1n\u00ed (organiza\u010dn\u011b spadaj\u00edc\u00ed pod Sekci pro lidsk\u00e1 pr\u00e1va \u00da\u0159adu vl\u00e1dy \u010cR. A d\u00e1le \u00a0<em>&#8220;Rada\u00a0vl\u00e1dy pro koordinaci protidrogov\u00e9 politiky). Mimo ve\u0159ejnou spr\u00e1vu stoj\u00ed nez\u00e1visl\u00fd a nestrann\u00fd Ve\u0159ejn\u00fd ochr\u00e1nce pr\u00e1v, kter\u00fd dlouhodob\u011b tematizuje situaci\u00a0osob, u nich\u017e je ohro\u017een p\u0159\u00edstup k bydlen\u00ed.&#8221; (str. 23)<\/em><\/li>\n<li><strong>Obce a kraje. <\/strong>Zde dokument p\u0159in\u00e1\u0161\u00ed n\u00e1sleduj\u00edc\u00ed hodnocen\u00ed: <em>&#8220;Sou\u010dasn\u00e9 legislativn\u00ed\u00a0vymezen\u00ed je formulov\u00e1no obecn\u011b a neukl\u00e1d\u00e1 konkr\u00e9tn\u00ed povinnosti obc\u00edm, jak mus\u00ed postupovat p\u0159i uspokojov\u00e1n\u00ed pot\u0159eb bydlen\u00ed sv\u00fdch ob\u010dan\u016f. Obce p\u0159i\u00a0uspokojov\u00e1n\u00ed bytov\u00fdch pot\u0159eb ob\u010dan\u016f nejv\u00edce ohro\u017een\u00fdch soci\u00e1ln\u00edm vylou\u010den\u00edm tak v mnoha p\u0159\u00edpadech svoji roli nepln\u00ed a n\u00e1stroje, kter\u00e9 st\u00e1t u\u017e\u00edv\u00e1 k\u00a0prosazen\u00ed sv\u00fdch z\u00e1jm\u016f a napln\u011bn\u00ed sv\u00fdch z\u00e1vazk\u016f, nejsou dostate\u010dn\u011b \u00fa\u010dinn\u00e9.&#8221; (<\/em>str. 24)<\/li>\n<li><strong>\u00da\u0159ad pr\u00e1ce. <\/strong>Zde dokument hodnot\u00ed n\u00e1sledovn\u011b: <em>&#8220;Na \u00daP \u010cR v\u0161ak nejsou\u00a0vy\u010dlen\u011bni specialist\u00e9 pro c\u00edlovou skupinu analogickou s c\u00edlovou skupinou soci\u00e1ln\u00edch kur\u00e1tor\u016f uvedenou v \u00a7 92 p\u00edsm. b) z\u00e1kona \u010d. 108\/2006 Sb., o soci\u00e1ln\u00edch\u00a0slu\u017eb\u00e1ch. Soci\u00e1ln\u00ed pracovn\u00edci tak nemaj\u00ed na \u00daP \u010cR \u201epartnery\u201c k \u0159e\u0161en\u00ed situace p\u0159edm\u011btn\u00e9 c\u00edlov\u00e9 skupiny.&#8221; <\/em>(str. 25).<\/li>\n<li><strong>Poskytovatel\u00e9 a zam\u011bstnanci soci\u00e1ln\u00edch slu\u017eeb, charitativn\u00ed, c\u00edrkevn\u00ed a dobrovolnick\u00e9 organizace\u00a0<\/strong>&#8220;&#8230;vykon\u00e1vaj\u00ed p\u0159\u00edmou soci\u00e1ln\u00ed pr\u00e1ci s osobami ohro\u017een\u00fdmi soci\u00e1ln\u00edm vylou\u010den\u00edm\u00a0nebo soci\u00e1ln\u011b vylou\u010den\u00fdmi dal\u0161\u00ed, zpravidla nest\u00e1tn\u00ed organizace. Je-li organizace registrovan\u00fdm poskytovatelem soci\u00e1ln\u00edch slu\u017eeb, v\u00fdkon jej\u00ed \u010dinnosti se \u0159\u00edd\u00ed\u00a0z\u00e1konem \u010d. 108\/2006 Sb., o soci\u00e1ln\u00edch slu\u017eb\u00e1ch, a vyhl\u00e1\u0161kou \u010d. 505\/2006 Sb., kterou se prov\u00e1d\u011bj\u00ed n\u011bkter\u00e1 ustanoven\u00ed z\u00e1kona o soci\u00e1ln\u00edch slu\u017eb\u00e1ch.&#8221; \u00a0(str. 25)<\/li>\n<li><strong>Poskytovatel\u00e9 a zam\u011bstnanci zdravotn\u00edch slu\u017eeb<\/strong>\u00a0 (Nepot\u0159ebuje koment\u00e1\u0159).<\/li>\n<li><strong>Zdravotn\u00ed poji\u0161\u0165ovny\u00a0<\/strong>(Nepot\u0159ebuje koment\u00e1\u0159).<\/li>\n<li><strong>Proba\u010dn\u00ed a media\u010dn\u00ed slu\u017eba <\/strong><em>&#8220;&#8230;p\u0159ich\u00e1z\u00ed do styku s obvin\u011bn\u00fdmi a odsouzen\u00fdmi, ale tak\u00e9 s po\u0161kozen\u00fdmi z trestn\u00fdch \u010din\u016f. V\u010dasn\u00e1 pomoc t\u011bmto lidem, kte\u0159\u00ed\u00a0<\/em>pro\u017e\u00edvaj\u00ed osobn\u00ed nebo i finan\u010dn\u00ed krizi, m\u016f\u017ee b\u00fdt \u00fa\u010dinnou prevenc\u00ed bezdomovectv\u00ed. Zam\u011b\u0159en\u00ed na podporu osob po propu\u0161t\u011bn\u00ed z v\u011bzen\u00ed je momentem, kter\u00fd\u00a0rozhoduje o dal\u0161\u00edm b\u011bhu \u017eivota. Policist\u00e9 se setk\u00e1vaj\u00ed s bezdomovci jako s ob\u011btmi i pachateli p\u0159e\u010din\u016f (vznik dluh\u016f na pokut\u00e1ch). Vzhledem k tomu je d\u016fle\u017eit\u00e9\u00a0jejich nav\u00e1z\u00e1n\u00ed na soci\u00e1ln\u00ed pr\u00e1ci a znalosti, jak s lidmi bez domova efektivn\u011b pracovat.&#8221;\u00a0(str. 25)<\/li>\n<\/ul>\n<p><strong>Jak\u00e9 konkr\u00e9tn\u00ed zm\u011bny studie doporu\u010duje?<\/strong><\/p>\n<ul>\n<li><strong>V\u00edce ter\u00e9nn\u00edch pracovn\u00edk\u016f<\/strong>, kte\u0159\u00ed poskytuj\u00ed zdravotn\u00ed a jinou p\u00e9\u010di p\u0159\u00edmo na ulic\u00edch.<\/li>\n<li><strong>Trh s bydlen\u00edm.\u00a0<\/strong>Studie doporu\u010duje zaji\u0161t\u011bn\u00ed soci\u00e1ln\u00edch byt\u016f v majetku obce tak, aby obec byla schopna vyv\u00edjet soci\u00e1ln\u00ed politiku &#8211; nejen \u0159e\u0161en\u00ed bezdomovectv\u00ed, ale i prevence bezdomovectv\u00ed. Citujeme ze studie: <em>&#8220;V sou\u010dasnosti nedok\u00e1\u017ee reagovat na pot\u0159eby v\u00fd\u0161e zm\u00edn\u011bn\u00fdch\u00a0skupin osob.Mnoho obc\u00ed nedisponuje vlastn\u00edm bytov\u00fdm fondem,kter\u00fd v sou\u010dasnosti p\u0159edstavuje jedinou finan\u010dn\u011b dostupnou variantu bydlen\u00ed zejm\u00e9na pro\u00a0n\u00edzkop\u0159\u00edjmov\u00e9 skupiny osob.Koncem roku 2009 bylo prod\u00e1no\u00a074 % z bytov\u00e9ho fondu, kter\u00fd na obce v roce 1991 p\u0159evedl st\u00e1t. Od t\u00e9 doby pod\u00edl obecn\u00edho bydlen\u00ed klesl pod 10 % z celkov\u00e9ho po\u010dtu.&#8221;\u00a0(str. 24)<\/em><\/li>\n<li><strong>Doplatek na bydlen\u00ed &#8211;\u00a0<\/strong>\u00a0Studie uv\u00e1d\u00ed:\u00a0<em>&#8220;Doplatek na bydlen\u00ed je v sou\u010dasnosti nep\u0159im\u011b\u0159en\u011b vyu\u017e\u00edv\u00e1n na \u00fahradu p\u0159edra\u017een\u00fdch forem substandardn\u00edho bydlen\u00ed (zejm\u00e9na n\u011bkter\u00fdch ubytoven) a\u00a0m\u016f\u017ee b\u00fdt jejich z\u0159izovateli zneu\u017e\u00edv\u00e1n, z\u00e1rove\u0148 tak umo\u017e\u0148uje dlouhodob\u00e9 setrv\u00e1n\u00ed soci\u00e1ln\u011b vylou\u010den\u00fdch osob v t\u00e9to form\u011b do\u010dasn\u00e9ho bydlen\u00ed&#8221;<\/em>; (str. 29). \u00a0Dal\u0161\u00edm probl\u00e9mem je &#8220;\u010dasov\u00e9 omezen\u00ed pob\u00edr\u00e1n\u00ed p\u0159\u00edsp\u011bvku na bydlen\u00ed a doplatku na bydlen\u00ed, kter\u00e9 m\u016f\u017ee m\u00edt v budoucnu na problematiku bezdomovectv\u00ed negativn\u00ed dopad&#8221;\u00a0(str. 29)<\/li>\n<li><strong>Soci\u00e1ln\u00ed pr\u00e1ce.<\/strong>\u00a0<em>&#8220;V \u010cR dosud neexistuje ucelen\u00fd syst\u00e9m prevence zam\u011b\u0159en\u00fd na udr\u017een\u00ed bydlen\u00ed.&#8221; \u00a0(str. 31).<\/em><\/li>\n<\/ul>\n<p>&nbsp;<\/p>\n<p><em>\u00a0<\/em><strong>Probl\u00e9my<\/strong><\/p>\n<p>Studie uv\u00e1d\u00ed n\u00e1sleduj\u00edc\u00ed probl\u00e9my (zat\u00edm bez jasn\u011b navr\u017een\u00e9ho \u0159e\u0161en\u00ed):<\/p>\n<ul>\n<li><em>&#8220;NNO ka\u017edoro\u010dn\u011b \u0159e\u0161\u00ed nedostate\u010dn\u00e9 a nejist\u00e9 financov\u00e1n\u00ed slu\u017eeb a doch\u00e1z\u00ed tak k utlumov\u00e1n\u00ed rozvinut\u00fdch program\u016f, kter\u00e9 ve sv\u00e9m d\u016fsledku maj\u00ed\u00a0<\/em><em>negativn\u00ed dopad na klienty.&#8221;\u00a0<\/em>(str.32)<\/li>\n<li><em>&#8220;Neochota n\u011bkter\u00fdch obc\u00ed jako\u017eto samospr\u00e1vy ovliv\u0148uj\u00edc\u00edi v\u00fdkon st\u00e1tn\u00ed spr\u00e1vy v p\u0159enesen\u00e9 p\u016fsobnosti \u0159e\u0161it pot\u0159eby spojen\u00e9 s bydlen\u00edm nad r\u00e1mec\u00a0<\/em><em>dostupn\u00fdch soci\u00e1ln\u00edch slu\u017eeb.&#8221;<\/em>\u00a0(str.32)<\/li>\n<li><em>&#8220;Chyb\u00ed ve\u0159ejnopr\u00e1vn\u00ed regulace soci\u00e1ln\u00edho (dostupn\u00e9ho) bydlen\u00ed a\/v\u010detn\u011b bydlen\u00ed s podporou, co\u017e nab\u00fdv\u00e1 na akutnosti v souvislosti s \u00fa\u010dinnost\u00ed\u00a0<\/em><em>NOZ od 1. ledna 2014.&#8221;\u00a0<\/em>(str.33)<\/li>\n<li>\u00a0<em>&#8220;Obce nemaj\u00ed konkr\u00e9tn\u011bji legislativn\u011b ukotven\u00e9 povinnosti ve vztahu k aplikaci n\u00e1stroj\u016f bytov\u00e9 politiky v m\u00edstn\u00edch podm\u00ednk\u00e1ch k zaji\u0161t\u011bn\u00ed pot\u0159eby bydlen\u00ed\u00a0<\/em><em>sv\u00fdch ob\u010dan\u016f. Ve v\u00fdsledku tak z\u00e1vis\u00ed na p\u0159\u00edstupu obce a jej\u00ed ochot\u011b bytovou situaci sv\u00fdch obyvatel \u0159e\u0161it (viz n\u00ed\u017ee).&#8221; (str. 32).<\/em><\/li>\n<\/ul>\n<p><strong>Hodnocen\u00ed<\/strong><\/p>\n<p>Tento dokument je podle m\u00e9ho n\u00e1zoru kvalitn\u00ed. Je krokem spr\u00e1vn\u00fdm sm\u011brem. V mnoha ohledech je dokument k fungov\u00e1n\u00ed st\u00e1tn\u00ed spr\u00e1vy v t\u00e9to oblasti\u00a0kritick\u00fd a sou\u010dasn\u011b velmi konstruktivn\u00ed. Studie probl\u00e9m nejen velmi p\u0159esn\u011b pojmenov\u00e1v\u00e1, ale d\u00e1v\u00e1 i konkr\u00e9tn\u00ed doporu\u010den\u00ed. K\u00e9\u017e na tuto studii budou nav\u00e1z\u00e1ny dal\u0161\u00ed aktivity: zm\u011bny legislativy.<\/p>\n<div data-counters='1' data-style='square' data-size='regular' data-url='https:\/\/obcanskymonitoring.cz\/?p=901' data-title='Vl\u00e1dn\u00ed koncepce prevence a \u0159e\u0161en\u00ed bezdomovectv\u00ed. Jak\u00e1 je?' class='linksalpha_container linksalpha_app_3'><a href='\/\/www.linksalpha.com\/share?network='facebook' class='linksalpha_icon_facebook'><\/a><a href='\/\/www.linksalpha.com\/share?network='twitter' class='linksalpha_icon_twitter'><\/a><a href='\/\/www.linksalpha.com\/share?network='googleplus' class='linksalpha_icon_googleplus'><\/a><a href='\/\/www.linksalpha.com\/share?network='mail' class='linksalpha_icon_mail'><\/a><\/div><div data-position='' data-url='https:\/\/obcanskymonitoring.cz\/?p=901' data-title='Vl\u00e1dn\u00ed koncepce prevence a \u0159e\u0161en\u00ed bezdomovectv\u00ed. Jak\u00e1 je?' class='linksalpha_container linksalpha_app_7'><a href='\/\/www.linksalpha.com\/share?network='facebook' class='linksalpha_icon_facebook'><\/a><a href='\/\/www.linksalpha.com\/share?network='twitter' class='linksalpha_icon_twitter'><\/a><a href='\/\/www.linksalpha.com\/share?network='googleplus' class='linksalpha_icon_googleplus'><\/a><a href='\/\/www.linksalpha.com\/share?network='mail' class='linksalpha_icon_mail'><\/a><\/div>","protected":false},"excerpt":{"rendered":"<p>&nbsp;1,189&nbsp;total views Vl\u00e1da na sv\u00e9m jedn\u00e1n\u00ed 28.8.2013 schv\u00e1lila\u00a0koncepci prevence a \u0159e\u0161en\u00ed bezdomovectv\u00ed. Jak\u00e1 je? Pln\u00fd text\u00a0dokumentu si m\u016f\u017eete p\u0159e\u010d\u00edst zde. P\u0159in\u00e1\u0161\u00edm stru\u010dn\u00fd v\u00fdtah pas\u00e1\u017e\u00ed, kter\u00e9 pova\u017euji za d\u016fle\u017eit\u00e9.<\/p>\n","protected":false},"author":2,"featured_media":0,"comment_status":"open","ping_status":"open","sticky":true,"template":"","format":"standard","meta":[],"categories":[7],"tags":[],"_links":{"self":[{"href":"https:\/\/obcanskymonitoring.cz\/index.php?rest_route=\/wp\/v2\/posts\/901"}],"collection":[{"href":"https:\/\/obcanskymonitoring.cz\/index.php?rest_route=\/wp\/v2\/posts"}],"about":[{"href":"https:\/\/obcanskymonitoring.cz\/index.php?rest_route=\/wp\/v2\/types\/post"}],"author":[{"embeddable":true,"href":"https:\/\/obcanskymonitoring.cz\/index.php?rest_route=\/wp\/v2\/users\/2"}],"replies":[{"embeddable":true,"href":"https:\/\/obcanskymonitoring.cz\/index.php?rest_route=%2Fwp%2Fv2%2Fcomments&post=901"}],"version-history":[{"count":0,"href":"https:\/\/obcanskymonitoring.cz\/index.php?rest_route=\/wp\/v2\/posts\/901\/revisions"}],"wp:attachment":[{"href":"https:\/\/obcanskymonitoring.cz\/index.php?rest_route=%2Fwp%2Fv2%2Fmedia&parent=901"}],"wp:term":[{"taxonomy":"category","embeddable":true,"href":"https:\/\/obcanskymonitoring.cz\/index.php?rest_route=%2Fwp%2Fv2%2Fcategories&post=901"},{"taxonomy":"post_tag","embeddable":true,"href":"https:\/\/obcanskymonitoring.cz\/index.php?rest_route=%2Fwp%2Fv2%2Ftags&post=901"}],"curies":[{"name":"wp","href":"https:\/\/api.w.org\/{rel}","templated":true}]}}