{"id":906,"date":"2013-09-12T05:04:49","date_gmt":"2013-09-12T05:04:49","guid":{"rendered":"http:\/\/obcanskymonitoring.cz\/?p=906"},"modified":"2013-09-24T05:01:54","modified_gmt":"2013-09-24T05:01:54","slug":"dum-na-vaclavskem-namesti-je-zase-o-krok-blize-zbourani","status":"publish","type":"post","link":"https:\/\/obcanskymonitoring.cz\/?p=906","title":{"rendered":"Koz\u00e1k\u016fv d\u016fm na V\u00e1clavsk\u00e9m n\u00e1m\u011bst\u00ed je zase o krok bl\u00ed\u017ee zbour\u00e1n\u00ed"},"content":{"rendered":"<div class=\"pvc_clear\"><\/div>\n<p class=\"pvc_stats total_only \" data-element-id=\"906\" style=\"\"><i class=\"pvc-stats-icon medium\" aria-hidden=\"true\"><svg xmlns=\"http:\/\/www.w3.org\/2000\/svg\" version=\"1.0\" viewBox=\"0 0 502 315\" preserveAspectRatio=\"xMidYMid meet\"><g transform=\"translate(0,332) scale(0.1,-0.1)\" fill=\"\" stroke=\"none\"><path d=\"M2394 3279 l-29 -30 -3 -207 c-2 -182 0 -211 15 -242 39 -76 157 -76 196 0 15 31 17 60 15 243 l-3 209 -33 29 c-26 23 -41 29 -80 29 -41 0 -53 -5 -78 -31z\"\/><path d=\"M3085 3251 c-45 -19 -58 -50 -96 -229 -47 -217 -49 -260 -13 -295 52 -53 146 -42 177 20 16 31 87 366 87 410 0 70 -86 122 -155 94z\"\/><path d=\"M1751 3234 c-13 -9 -29 -31 -37 -50 -12 -29 -10 -49 21 -204 19 -94 39 -189 45 -210 14 -50 54 -80 110 -80 34 0 48 6 76 34 21 21 34 44 34 59 0 14 -18 113 -40 219 -37 178 -43 195 -70 221 -36 32 -101 37 -139 11z\"\/><path d=\"M1163 3073 c-36 -7 -73 -59 -73 -102 0 -56 133 -378 171 -413 34 -32 83 -37 129 -13 70 36 67 87 -16 290 -86 209 -89 214 -129 231 -35 14 -42 15 -82 7z\"\/><path d=\"M3689 3066 c-15 -9 -33 -30 -42 -48 -48 -103 -147 -355 -147 -375 0 -98 131 -148 192 -74 13 15 57 108 97 206 80 196 84 226 37 273 -30 30 -99 39 -137 18z\"\/><path d=\"M583 2784 c-38 -19 -67 -74 -58 -113 9 -42 211 -354 242 -373 16 -10 45 -18 66 -18 51 0 107 52 107 100 0 39 -1 41 -124 234 -80 126 -108 162 -133 173 -41 17 -61 16 -100 -3z\"\/><path d=\"M4250 2784 c-14 -9 -74 -91 -133 -183 -95 -150 -107 -173 -107 -213 0 -55 33 -94 87 -104 67 -13 90 8 211 198 130 202 137 225 78 284 -27 27 -42 34 -72 34 -22 0 -50 -8 -64 -16z\"\/><path d=\"M2275 2693 c-553 -48 -1095 -270 -1585 -649 -135 -104 -459 -423 -483 -476 -23 -49 -22 -139 2 -186 73 -142 361 -457 571 -626 285 -228 642 -407 990 -497 242 -63 336 -73 660 -74 310 0 370 5 595 52 535 111 1045 392 1455 803 122 121 250 273 275 326 19 41 19 137 0 174 -41 79 -309 363 -465 492 -447 370 -946 591 -1479 653 -113 14 -422 18 -536 8z m395 -428 c171 -34 330 -124 456 -258 112 -119 167 -219 211 -378 27 -96 24 -300 -5 -401 -72 -255 -236 -447 -474 -557 -132 -62 -201 -76 -368 -76 -167 0 -236 14 -368 76 -213 98 -373 271 -451 485 -162 444 86 934 547 1084 153 49 292 57 452 25z m909 -232 c222 -123 408 -262 593 -441 76 -74 138 -139 138 -144 0 -16 -233 -242 -330 -319 -155 -123 -309 -223 -461 -299 l-81 -41 32 46 c18 26 49 83 70 128 143 306 141 649 -6 957 -25 52 -61 116 -79 142 l-34 47 45 -20 c26 -10 76 -36 113 -56z m-2057 25 c-40 -58 -105 -190 -130 -263 -110 -324 -59 -707 132 -981 25 -35 42 -64 37 -64 -19 0 -241 119 -326 174 -188 122 -406 314 -532 468 l-58 71 108 103 c185 178 428 349 672 473 66 33 121 60 123 61 2 0 -10 -19 -26 -42z\"\/><path d=\"M2375 1950 c-198 -44 -350 -190 -395 -379 -18 -76 -8 -221 19 -290 114 -284 457 -406 731 -260 98 52 188 154 231 260 27 69 37 214 19 290 -38 163 -166 304 -326 360 -67 23 -215 33 -279 19z\"\/><\/g><\/svg><\/i> &nbsp;1,399&nbsp;total views<\/p>\n<div class=\"pvc_clear\"><\/div>\n<p><a href=\"http:\/\/obcanskymonitoring.cz\/wp-content\/uploads\/2012\/11\/187795_244805362313287_807288183_n.jpg\"><img loading=\"lazy\" class=\"size-full wp-image-425\" alt=\"Demonstrace proti bour\u00e1n\u00ed domu \u010d. 47 na V\u00e1clavsk\u00e9m n\u00e1m\u011bst\u00ed\" src=\"http:\/\/obcanskymonitoring.cz\/wp-content\/uploads\/2012\/11\/187795_244805362313287_807288183_n.jpg\" width=\"180\" height=\"99\" \/><\/a><\/p>\n<p>Stavebn\u00ed \u00fa\u0159ad Prahy 1 vydal \u00fazemn\u00ed rozhodnut\u00ed ve prosp\u011bch zbour\u00e1n\u00ed domu na V\u00e1clavsk\u00e9m n\u00e1m\u011bst\u00ed. Na stavebn\u00edm \u00fa\u0159adu Prahy 1 je ji\u017e i pod\u00e1na \u017e\u00e1dost o demoli\u010dn\u00ed v\u00fdm\u011br. Klub za starou Prahu zorganizoval petici ob\u010dan\u016f, kterou p\u0159edlo\u017eil zastupitelstvu Prahy 1, aby v\u011bc je\u0161t\u011b projednalo. \u00a0Zastupitelstvo Prahy 1 v\u0161ak z\u00e1m\u011br bourat Pra\u017eskou pam\u00e1tkovou rezervaci, pam\u00e1tkovou z\u00f3nu UNESCO podpo\u0159ilo.<\/p>\n<p><!--more--><\/p>\n<p>Stavebn\u00ed \u00fa\u0159ad Prahy 1 vydal <a href=\"http:\/\/obcanskymonitoring.cz\/wp-content\/uploads\/2013\/09\/Vaclavske_nam._47_novost._polyf._obj._rozhodnuti_uzemni_rozhodnuti_.pdf\">\u00fazemn\u00ed rozhodnut\u00ed\u00a0ve prosp\u011bch zbour\u00e1n\u00ed domu na V\u00e1clavsk\u00e9m n\u00e1m\u011bst\u00ed<\/a>. <a href=\"http:\/\/www.praha1.cz\/cps\/uredni-deska-detail.html?ID=1252917\">Na str\u00e1nk\u00e1ch \u00fa\u0159adu je rozhodnut\u00ed ulo\u017eeno zde.<\/a> Na stavebn\u00edm \u00fa\u0159adu z\u00e1rove\u0148 u\u017e je pod\u00e1na \u017e\u00e1dost o demoli\u010dn\u00ed v\u00fdm\u011br. Klub za starou Prahu zorganizoval petici ob\u010dan\u016f, kterou p\u0159edlo\u017eil zastupitelstvu Prahy 1, aby v\u011bc je\u0161t\u011b jednou projednalo. \u00a0Ov\u0161em&#8230;<\/p>\n<p>&nbsp;<\/p>\n<p><strong>Zastupitel\u00e9 Prahy 1 podpo\u0159ili zbour\u00e1n\u00ed\u00a0<\/strong><\/p>\n<p>Cituji z webov\u00fdch str\u00e1nek Klubu za starou Prahu: <em>&#8220;Zastupitelstvo Prahy 1 dnes s dvouhodinov\u00fdm zpo\u017ed\u011bn\u00edm projednalo mo\u017enost z\u00e1chrany domu na V\u00e1clavsk\u00e9m n\u00e1m\u011bst\u00ed 47, za z\u00e1chranu se postavili 4, za demolici 6, zdr\u017eelo se 20 zastupitel\u016f.&#8221; <\/em><\/p>\n<p>\u0160okuj\u00edc\u00ed je zejm\u00e9na skute\u010dnost, \u017ee 20 zastupitel\u016f doslova zahodilo sv\u016fj hlas (zdr\u017eeli se). Sv\u00e9 jedn\u00e1n\u00ed zd\u016fvodnili argumentem &#8220;<em>\u017ee nemaj\u00ed ke kauze dostatek informac\u00ed<\/em>.&#8221; (SIC!) Po takov\u00e9 dob\u011b projedn\u00e1v\u00e1n\u00ed a pot\u00e9, co ve\u0161ker\u00e9 dokumenty kauzy jsou voln\u011b <a href=\"http:\/\/obcanskymonitoring.cz\/?p=696\">dostupn\u00e9 na internetu<\/a> &#8211; a p\u0159esto\u017ee kompletn\u00ed p\u0159\u00edpravu dostali jako podklad k jedn\u00e1n\u00ed. P\u0159esto\u017ee m\u011bli k dispozici <a href=\"http:\/\/www.obcanskymonitoring.cz\/MKCR_neprohlaseni.pdf\">stanovisko Ministerstva kultury<\/a>, kter\u00e9 \u0159\u00edk\u00e1, \u017ee souhlas odd\u011blen\u00ed ochrany pam\u00e1tek Hl. m\u011bsta Prahy (podeps\u00e1n Mgr. Kn\u011b\u017e\u00ednek) bylo vyd\u00e1no v rozporu se z\u00e1konem. (Cituji ze stanoviska Ministerstva kultury:\u00a0<em>\u201eZ\u00e1vazn\u00e9 stanovisko MHMP obsahuje vnit\u0159n\u00ed rozpor, kter\u00fd vede k jeho nez\u00e1konnosti. [&#8230;] V\u0161echny stanoven\u00e9 podm\u00ednky, nejen p\u0159\u00edloha \u010d\u00edslo 6 ukazuj\u00ed, \u017ee ve v\u011bci \u017e\u00e1dosti m\u011blo b\u00fdt vyd\u00e1no rozhodnut\u00ed org\u00e1nu pam\u00e1tkov\u00e9 p\u00e9\u010de v p\u0159\u00edprav\u011b a nikoliv z\u00e1vazn\u00e9 stanovisko k realizaci z\u00e1m\u011bru.\u201c\u00a0<\/em><\/p>\n<p>P\u0159esto\u017ee m\u011bli zastupitel\u00e9 Prahy 1 stanovisko Sen\u00e1tu \u010cR, kter\u00fd po\u017eadoval <a href=\"http:\/\/zpravy.idnes.cz\/u-chystane-demolice-domu-na-vaclavskem-namesti-byly-poruseny-predpisy-1me-\/domaci.aspx?c=A111207_1697341_praha-zpravy_sfo\">p\u0159ehodnocen\u00ed rozhodnut\u00ed z d\u016fvodu jeho nez\u00e1konnosti<\/a>. P\u0159esto\u017ee m\u011bli zastupitel\u00e9 k dispozici stanovisko minul\u00e9ho ombudsmana, kter\u00fd z\u00e1m\u011br odm\u00edtal, tak i stanovisko sou\u010dasn\u00e9ho ombudsmana, kter\u00fd rovn\u011b\u017e upozor\u0148oval na skute\u010dnost, \u017ee byl poru\u0161en z\u00e1kon. Cituji z tiskov\u00e9 zpr\u00e1vy ombudsmana:\u00a0<em>Je vytv\u00e1\u0159en stav, kdy ur\u010dit\u00fd celek \u010di\u00a0\u00fazem\u00ed po\u017e\u00edv\u00e1 pam\u00e1tkovou ochranu, av\u0161ak jednotliv\u00e9 objekty, kter\u00e9 tvo\u0159\u00ed jeho sou\u010d\u00e1st nikoliv. Jejich postupnou zm\u011bnou \u010di\u00a0odstran\u011bn\u00edm m\u016f\u017ee doj\u00edt k\u00a0tomu, \u017ee\u00a0smysl pam\u00e1tkov\u00e9 ochrany \u00fazemn\u00edho celku bude vypr\u00e1zdn\u011bn.\u201c \u00a0<\/em>p\u00ed\u0161e se v tiskov\u00e9 zpr\u00e1v\u011b ombudsmana.\u00a0Pra\u017esk\u00fd magistr\u00e1t, odbor pam\u00e1tkov\u00e9 p\u00e9\u010de (podeps\u00e1n Mgr. Kn\u011b\u017e\u00ednek) podle ombudsmana poru\u0161il \u00a0z\u00e1kon v\u011bcn\u011b i procesn\u011b, v dne\u0161n\u00ed tiskov\u00e9 zpr\u00e1v\u011b se p\u00ed\u0161e: \u201e<em>\u201eSituace, kdy spr\u00e1vn\u00ed org\u00e1n nep\u0159ihl\u00e9dne bez \u0159\u00e1dn\u00e9ho od\u016fvodn\u011bn\u00ed k\u00a0n\u00e1zoru odborn\u00e9ho org\u00e1nu, a\u0165 ji\u017e st\u00e1tn\u00ed pam\u00e1tkov\u00e9 p\u00e9\u010de, nebo kter\u00e9hokoli jin\u00e9ho, pop\u00edr\u00e1 smysl existence t\u011bchto odborn\u00fdch instituc\u00ed.\u201c<\/em><\/p>\n<p>P\u0159esto\u017ee m\u011bli zastupitel\u00e9 k dispozici <a href=\"http:\/\/stary-web.zastarouprahu.cz\/kauzy\/vaclavak1601\/obnova_TZ.pdf\">otev\u0159en\u00fd dopis t\u0159in\u00e1cti p\u0159edn\u00edch \u010desk\u00fdch odborn\u00edk\u016f na d\u011bjiny um\u011bn\u00ed a architekturu<\/a>, kte\u0159\u00ed precizn\u011b formulovali odborn\u00e9 argumenty pro zachov\u00e1n\u00ed domu a zejm\u00e9na pro zamezen\u00ed v\u00fdstavby urbanisticky nevhodn\u00e9ho obchodn\u00edho centra.<\/p>\n<p><strong>Kdo jak hlasoval?<\/strong><\/p>\n<p>Cituji zpr\u00e1vu Klubu za starou Prahu:\u00a0<em>&#8220;Proti demolici byli Zelen\u00ed (p\u0159edkladatel\u00e9 bodu) a Kate\u0159ina Klasnov\u00e1, pro demolici byla ODS, kter\u00e1 se jedn\u00edm zastupitelem (Sk\u00e1la) v rozprav\u011b vyslovila, jak je ten nov\u011b navr\u017een\u00fd bar\u00e1k kr\u00e1sn\u00fd, a zdr\u017eeli se, \u010di nehlasovali TOP a \u010cSSD, proto\u017ee nev\u011bd\u011bli, jak se k tomu maj\u00ed postavit, aby si zachovali svoji politickou image. Z\u00e1rove\u0148 se ale uk\u00e1zalo, \u017ee se na jedn\u00e1n\u00ed nep\u0159ipravili a podklady nestudovali&#8230;&#8221;<\/em><\/p>\n<p><strong>Podpo\u0159\u00ed dal\u0161\u00ed protesty m\u00e9dia?<\/strong><\/p>\n<p>A\u010dkoliv tato ud\u00e1lost m\u00e1 z\u0159eteln\u011b nadm\u00edstn\u00ed v\u00fdznam (V \u010cR snad nen\u00ed symbolicky exponovan\u011bj\u0161\u00edho m\u00edsta ne\u017e je prostor V\u00e1clavsk\u00e9ho n\u00e1m\u011bst\u00ed u &#8220;Kon\u011b&#8221;) a p\u0159esto\u017ee se kontinu\u00e1ln\u00edch protest\u016f z\u00fa\u010dastnily v sou\u010dtu ji\u017e tis\u00edce lid\u00ed a p\u0159esto\u017ee petici proti bour\u00e1n\u00ed Koz\u00e1kova domu podepsalo <a href=\"http:\/\/prazsky.denik.cz\/zpravy_region\/dum-na-vaclavaku-se-zatim-bourat-nebude-rozhodne-az-ministerstvo-20130702.html\">p\u0159es 14 tis\u00edc lid\u00ed<\/a>, o ud\u00e1losti informovaly pouze <a href=\"http:\/\/www.prazskenovinky.cz\/zpravy\/regiony\/praha-1-se-nepostavila-proti-bourani-domu-na-vaclavaku\/\">lok\u00e1ln\u00ed pra\u017esk\u00e9 noviny<\/a>.<\/p>\n<p><strong>Odpor bude pokra\u010dovat<\/strong><\/p>\n<p>Shoduj\u00ed se ob\u010dansk\u00e9 iniciativy, kter\u00e9 fakticky jako jedin\u00e9 h\u00e1j\u00ed Pra\u017eskou pam\u00e1tkovou rezervaci. Nejaktivn\u011bj\u0161\u00ed organizace v t\u00e9to kauze jsou <a href=\"http:\/\/www.zastarouprahu.cz\/\">Klub pro starou Prahu<\/a>, <a href=\"http:\/\/praguewatch.cz\/\">Praguewatch<\/a>,\u00a0<a href=\"http:\/\/www.dejinyumeni.cz\/?p=1\">Um\u011bleckohistorick\u00e1 spole\u010dnost<\/a>, <a href=\"http:\/\/www.asorkd.cz\/\">ASORKD<\/a>, <a href=\"http:\/\/obcanskymonitoring.cz\/\">Ob\u010dansk\u00fd monitoring<\/a>. Chcete-li se o kauze dozv\u011bd\u011bt v\u00edce, sledujte jejich weby, pop\u0159\u00edpad\u011b se m\u016f\u017eete v r\u00e1mci sv\u00fdch \u010dasov\u00fdch mo\u017enost\u00ed zapojit do jimi organizovan\u00fdch akc\u00ed. Koncem tohoto t\u00fddne je pl\u00e1nov\u00e1na diskuse t\u00e9to kauzy v Sen\u00e1tu.<\/p>\n<div data-counters='1' data-style='square' data-size='regular' data-url='https:\/\/obcanskymonitoring.cz\/?p=906' data-title='Koz\u00e1k\u016fv d\u016fm na V\u00e1clavsk\u00e9m n\u00e1m\u011bst\u00ed je zase o krok bl\u00ed\u017ee zbour\u00e1n\u00ed' class='linksalpha_container linksalpha_app_3'><a href='\/\/www.linksalpha.com\/share?network='facebook' class='linksalpha_icon_facebook'><\/a><a href='\/\/www.linksalpha.com\/share?network='twitter' class='linksalpha_icon_twitter'><\/a><a href='\/\/www.linksalpha.com\/share?network='googleplus' class='linksalpha_icon_googleplus'><\/a><a href='\/\/www.linksalpha.com\/share?network='mail' class='linksalpha_icon_mail'><\/a><\/div><div data-position='' data-url='https:\/\/obcanskymonitoring.cz\/?p=906' data-title='Koz\u00e1k\u016fv d\u016fm na V\u00e1clavsk\u00e9m n\u00e1m\u011bst\u00ed je zase o krok bl\u00ed\u017ee zbour\u00e1n\u00ed' class='linksalpha_container linksalpha_app_7'><a href='\/\/www.linksalpha.com\/share?network='facebook' class='linksalpha_icon_facebook'><\/a><a href='\/\/www.linksalpha.com\/share?network='twitter' class='linksalpha_icon_twitter'><\/a><a href='\/\/www.linksalpha.com\/share?network='googleplus' class='linksalpha_icon_googleplus'><\/a><a href='\/\/www.linksalpha.com\/share?network='mail' class='linksalpha_icon_mail'><\/a><\/div>","protected":false},"excerpt":{"rendered":"<p>&nbsp;1,399&nbsp;total views Stavebn\u00ed \u00fa\u0159ad Prahy 1 vydal \u00fazemn\u00ed rozhodnut\u00ed ve prosp\u011bch zbour\u00e1n\u00ed domu na V\u00e1clavsk\u00e9m n\u00e1m\u011bst\u00ed. Na stavebn\u00edm \u00fa\u0159adu Prahy 1 je ji\u017e i pod\u00e1na \u017e\u00e1dost o demoli\u010dn\u00ed v\u00fdm\u011br. Klub za starou Prahu zorganizoval petici ob\u010dan\u016f, kterou p\u0159edlo\u017eil zastupitelstvu Prahy 1, aby v\u011bc je\u0161t\u011b projednalo. \u00a0Zastupitelstvo Prahy 1 v\u0161ak z\u00e1m\u011br bourat Pra\u017eskou pam\u00e1tkovou rezervaci, pam\u00e1tkovou [&hellip;]<\/p>\n","protected":false},"author":2,"featured_media":0,"comment_status":"open","ping_status":"open","sticky":true,"template":"","format":"standard","meta":[],"categories":[9],"tags":[],"_links":{"self":[{"href":"https:\/\/obcanskymonitoring.cz\/index.php?rest_route=\/wp\/v2\/posts\/906"}],"collection":[{"href":"https:\/\/obcanskymonitoring.cz\/index.php?rest_route=\/wp\/v2\/posts"}],"about":[{"href":"https:\/\/obcanskymonitoring.cz\/index.php?rest_route=\/wp\/v2\/types\/post"}],"author":[{"embeddable":true,"href":"https:\/\/obcanskymonitoring.cz\/index.php?rest_route=\/wp\/v2\/users\/2"}],"replies":[{"embeddable":true,"href":"https:\/\/obcanskymonitoring.cz\/index.php?rest_route=%2Fwp%2Fv2%2Fcomments&post=906"}],"version-history":[{"count":0,"href":"https:\/\/obcanskymonitoring.cz\/index.php?rest_route=\/wp\/v2\/posts\/906\/revisions"}],"wp:attachment":[{"href":"https:\/\/obcanskymonitoring.cz\/index.php?rest_route=%2Fwp%2Fv2%2Fmedia&parent=906"}],"wp:term":[{"taxonomy":"category","embeddable":true,"href":"https:\/\/obcanskymonitoring.cz\/index.php?rest_route=%2Fwp%2Fv2%2Fcategories&post=906"},{"taxonomy":"post_tag","embeddable":true,"href":"https:\/\/obcanskymonitoring.cz\/index.php?rest_route=%2Fwp%2Fv2%2Ftags&post=906"}],"curies":[{"name":"wp","href":"https:\/\/api.w.org\/{rel}","templated":true}]}}