{"id":955,"date":"2013-01-13T13:29:12","date_gmt":"2013-01-13T13:29:12","guid":{"rendered":"http:\/\/obcanskymonitoring.cz\/?p=955"},"modified":"2013-09-20T13:29:50","modified_gmt":"2013-09-20T13:29:50","slug":"amnestii-chystali-dlouhe-mesice-zmenili-i-ustavu","status":"publish","type":"post","link":"https:\/\/obcanskymonitoring.cz\/?p=955","title":{"rendered":"Amnestii chystali dlouh\u00e9 m\u011bs\u00edce. Zm\u011bnili i \u00fastavu."},"content":{"rendered":"<div class=\"pvc_clear\"><\/div>\n<p class=\"pvc_stats total_only \" data-element-id=\"955\" style=\"\"><i class=\"pvc-stats-icon medium\" aria-hidden=\"true\"><svg xmlns=\"http:\/\/www.w3.org\/2000\/svg\" version=\"1.0\" viewBox=\"0 0 502 315\" preserveAspectRatio=\"xMidYMid meet\"><g transform=\"translate(0,332) scale(0.1,-0.1)\" fill=\"\" stroke=\"none\"><path d=\"M2394 3279 l-29 -30 -3 -207 c-2 -182 0 -211 15 -242 39 -76 157 -76 196 0 15 31 17 60 15 243 l-3 209 -33 29 c-26 23 -41 29 -80 29 -41 0 -53 -5 -78 -31z\"\/><path d=\"M3085 3251 c-45 -19 -58 -50 -96 -229 -47 -217 -49 -260 -13 -295 52 -53 146 -42 177 20 16 31 87 366 87 410 0 70 -86 122 -155 94z\"\/><path d=\"M1751 3234 c-13 -9 -29 -31 -37 -50 -12 -29 -10 -49 21 -204 19 -94 39 -189 45 -210 14 -50 54 -80 110 -80 34 0 48 6 76 34 21 21 34 44 34 59 0 14 -18 113 -40 219 -37 178 -43 195 -70 221 -36 32 -101 37 -139 11z\"\/><path d=\"M1163 3073 c-36 -7 -73 -59 -73 -102 0 -56 133 -378 171 -413 34 -32 83 -37 129 -13 70 36 67 87 -16 290 -86 209 -89 214 -129 231 -35 14 -42 15 -82 7z\"\/><path d=\"M3689 3066 c-15 -9 -33 -30 -42 -48 -48 -103 -147 -355 -147 -375 0 -98 131 -148 192 -74 13 15 57 108 97 206 80 196 84 226 37 273 -30 30 -99 39 -137 18z\"\/><path d=\"M583 2784 c-38 -19 -67 -74 -58 -113 9 -42 211 -354 242 -373 16 -10 45 -18 66 -18 51 0 107 52 107 100 0 39 -1 41 -124 234 -80 126 -108 162 -133 173 -41 17 -61 16 -100 -3z\"\/><path d=\"M4250 2784 c-14 -9 -74 -91 -133 -183 -95 -150 -107 -173 -107 -213 0 -55 33 -94 87 -104 67 -13 90 8 211 198 130 202 137 225 78 284 -27 27 -42 34 -72 34 -22 0 -50 -8 -64 -16z\"\/><path d=\"M2275 2693 c-553 -48 -1095 -270 -1585 -649 -135 -104 -459 -423 -483 -476 -23 -49 -22 -139 2 -186 73 -142 361 -457 571 -626 285 -228 642 -407 990 -497 242 -63 336 -73 660 -74 310 0 370 5 595 52 535 111 1045 392 1455 803 122 121 250 273 275 326 19 41 19 137 0 174 -41 79 -309 363 -465 492 -447 370 -946 591 -1479 653 -113 14 -422 18 -536 8z m395 -428 c171 -34 330 -124 456 -258 112 -119 167 -219 211 -378 27 -96 24 -300 -5 -401 -72 -255 -236 -447 -474 -557 -132 -62 -201 -76 -368 -76 -167 0 -236 14 -368 76 -213 98 -373 271 -451 485 -162 444 86 934 547 1084 153 49 292 57 452 25z m909 -232 c222 -123 408 -262 593 -441 76 -74 138 -139 138 -144 0 -16 -233 -242 -330 -319 -155 -123 -309 -223 -461 -299 l-81 -41 32 46 c18 26 49 83 70 128 143 306 141 649 -6 957 -25 52 -61 116 -79 142 l-34 47 45 -20 c26 -10 76 -36 113 -56z m-2057 25 c-40 -58 -105 -190 -130 -263 -110 -324 -59 -707 132 -981 25 -35 42 -64 37 -64 -19 0 -241 119 -326 174 -188 122 -406 314 -532 468 l-58 71 108 103 c185 178 428 349 672 473 66 33 121 60 123 61 2 0 -10 -19 -26 -42z\"\/><path d=\"M2375 1950 c-198 -44 -350 -190 -395 -379 -18 -76 -8 -221 19 -290 114 -284 457 -406 731 -260 98 52 188 154 231 260 27 69 37 214 19 290 -38 163 -166 304 -326 360 -67 23 -215 33 -279 19z\"\/><\/g><\/svg><\/i> &nbsp;968&nbsp;total views<\/p>\n<div class=\"pvc_clear\"><\/div>\n<p>Prezidentsk\u00e1 amnestie a jej\u00ed skand\u00e1lnost byla v tisku rozebr\u00e1na dostate\u010dn\u011b. Poj\u010fme si ale proj\u00edt to, o \u010dem se zat\u00edm v\u016fbec nep\u00ed\u0161e a\u00a0co na cel\u00e9m p\u0159\u00edb\u011bhu po\u0159\u00e1dn\u011b sk\u0159\u00edpe. \u017de amnestie nen\u00ed d\u00edlo jednoho mu\u017ee, \u017ee nebyla p\u0159ipravena ze dne na den, \u017ee j\u00ed p\u0159edch\u00e1zela zm\u011bna \u00fastavy (vyu\u017eit \/ zneu\u017eit k tomu byl z\u00e1kon o p\u0159\u00edm\u00e9 volb\u011b prezidenta, viz d\u00e1le v textu.) atd. atd. A hlavn\u011b, \u017ee to je\u0161t\u011b neskon\u010dilo a co n\u00e1s je\u0161t\u011b \u010dek\u00e1. Budu uv\u00e1d\u011bt fakta, podkl\u00e1dat je citovan\u00fdmi zdroji a kl\u00e1st ot\u00e1zky. Z\u00e1v\u011bry si ud\u011blejte sami &#8211; jak\u00e9 chcete.<\/p>\n<p><!--more--><\/p>\n<p><strong>Z\u00e1kladn\u00ed podklad:\u00a0Prezidentova amnestie v dokumentech<\/strong><\/p>\n<p><a href=\"http:\/\/zpravy.idnes.cz\/amnestie-vaclava-klause-z-ledna-2013-dl7-\/domaci.aspx?c=A130101_134945_domaci_ven\">Kompletn\u00ed text Klausovy amnestie si m\u016f\u017eete p\u0159e\u010d\u00edst zde.<\/a>\u00a0Ud\u011blejte to. Je to zaj\u00edmav\u00e9 \u010dten\u00ed. Nejzaj\u00edmav\u011bj\u0161\u00ed pas\u00e1\u017ee zde odcitujeme &#8211; v kontextu zm\u011bn ostatn\u00ed legislativy, zejm\u00e9na \u00fastavy, viz d\u00e1le.<\/p>\n<p><strong>Prvn\u00ed podez\u0159en\u00ed: Byla amnestie skute\u010dn\u011b utajena?\u00a0<\/strong><\/p>\n<p>\u017de byla utajena p\u0159ed ob\u010dany, je jist\u00e9. B\u011b\u017en\u00ed ob\u010dan\u00e9, jako j\u00e1, se o amnestii dozv\u011bd\u011bli 1.1.2013.\u00a0Informace o tom, \u017ee\u00a0<a href=\"http:\/\/www.ceskatelevize.cz\/ct24\/domaci\/209492-o-amnestii-jsme-nevedeli-stezuje-si-top-09-bylo-to-kvuli-utajeni-tvrdi-blazek\/\">amnestie byla p\u0159\u00edsn\u011b utajov\u00e1na, podal ministr spravedlnosti \u010cR Bla\u017eek<\/a>. \u00dadajn\u011b o amnestii nev\u011bd\u011bli ani \u010dlenov\u00e9 vl\u00e1dy. Dost p\u0159ekvapiv\u00e9 &#8211; vzhledem k tomu, \u017ee amnestii spolupodepsal (kontrasignoval) p\u0159edseda vl\u00e1dy. Podivn\u00e9. Velmi podivn\u00e9.<\/p>\n<p>Copak nen\u00ed naps\u00e1no v \u00dastav\u011b:\u00a0<a href=\"http:\/\/www.obcanskymonitoring.cz\/Ustava.pdf\"><em>&#8220;(4) Za rozhodnut\u00ed prezidenta republiky, kter\u00e9 vy\u017eaduje spolupodpis p\u0159edsedy vl\u00e1dy nebo j\u00edm pov\u011b\u0159en\u00e9ho \u010dlena vl\u00e1dy, odpov\u00edd\u00e1 vl\u00e1da.&#8221;<\/em><\/a><\/p>\n<p>Za amnestii tak dle \u00dastavy prokazateln\u011b odpov\u00edd\u00e1 krom\u011b prezidenta, i vl\u00e1da. Tak jak je mo\u017en\u00e9, \u017ee nebyli informov\u00e1ni? To pova\u017euji za dost skand\u00e1ln\u00ed.<\/p>\n<p><strong>Druh\u00e9 podez\u0159en\u00ed: Jak je mo\u017en\u00e9, \u017ee se v\u0161e seb\u011bhlo tak stra\u0161n\u011b rychle?<\/strong><\/p>\n<p>Pokud skute\u010dn\u011b byla amnestie utajena, jak tvrd\u00ed ministr spravedlnosti, jak je mo\u017en\u00e9, \u017ee u\u017e druh\u00fd den byli propu\u0161t\u011bni prvn\u00ed v\u011bzni? P\u0159itom 1. leden, v den ozn\u00e1men\u00ed amnestie, byl st\u00e1tn\u00ed sv\u00e1tek! Jak by mohla st\u00e1tn\u00ed spr\u00e1va zareagovat tak rychle, pokud by nikdo nic nev\u011bd\u011bl p\u0159edem?<\/p>\n<p>Nav\u00edc:\u00a0K realizaci amnestie nesta\u010d\u00ed jen sama amnestie &#8211; pro ka\u017ed\u00fd jeden p\u0159\u00edpad je nezbytn\u011b nutn\u00e9 i rozhodnut\u00ed soudu.\u00a0<em>&#8220;Soud m\u016f\u017ee rozhodnout troj\u00edm zp\u016fsobem. Bu\u010f odsouzen\u00e9ho propust\u00ed, nebo mu zkr\u00e1t\u00ed trest, \u010di rozhodne, \u017ee se na n\u011bj amnestie nevztahuje.<\/em>&#8221;\u00a0vysv\u011btlil\u00a0<a href=\"http:\/\/zpravy.idnes.cz\/propousteni-amnestovanych-z-veznic-d76-\/domaci.aspx?c=A130104_121048_domaci_cen\">Robert K\u00e1\u010der z V\u011bze\u0148sk\u00e9 slu\u017eby.<\/a><\/p>\n<p>Ok, jak se ale toto mohlo tak rychle stihnout? V podm\u00ednk\u00e1ch \u010desk\u00e9 justice? Konkr\u00e9tn\u00ed p\u0159\u00edpady bych pochopil, ale jedn\u00e1 se p\u0159ece o tis\u00edce p\u0159\u00edpad\u016f. Zaujalo mne to a zkusil jsem p\u00e1trat po p\u0159esn\u011bj\u0161\u00edch statistik\u00e1ch: Podle ofici\u00e1ln\u00edch statistik V\u011bze\u0148sk\u00e9 slu\u017eby:\u00a0K 11.1.2013 &#8211; tzn. p\u0159esn\u011b\u00a0<strong>po 8 pracovn\u00edch dnech<\/strong>\u00a0(sic!) od vyhl\u00e1\u0161en\u00ed amnestie\u00a0<a href=\"http:\/\/www.vscr.cz\/generalni-reditelstvi-19\/informacni-servis\/amnestie-1681\/\">odch\u00e1z\u00ed\u00a0<\/a><strong><a href=\"http:\/\/www.vscr.cz\/generalni-reditelstvi-19\/informacni-servis\/amnestie-1681\/\">z 36 v\u011bznic \u010cR 6.318 v\u011bz\u0148\u016f<\/a>.<\/strong>\u00a0To m\u00e1te 6.318 rozsudk\u016f za 8 necel\u00fdch pracovn\u00edch dn\u016f &#8211; nav\u00edc ke ka\u017ed\u00e9mu rozsudku muselo b\u00fdt je\u0161t\u011b stanovisko st\u00e1tn\u00edho z\u00e1stupce.<\/p>\n<p><a href=\"http:\/\/www.novinky.cz\/krimi\/289441-na-svobode-je-uz-6000-amnestovanych-protestni-petici-podepsalo-70-000-lidi.html\">Fakticky bylo dokonce propu\u0161t\u011bno z v\u011bzen\u00ed kolem 5000 v\u011bz\u0148\u016f u\u017e v 5.1.<\/a>!<\/p>\n<p>Vzhledem k t\u011bmto fakt\u016fm mne ji\u017e nikdo nep\u0159esv\u011bd\u010d\u00ed o poh\u00e1dce, \u017ee &#8220;nikdo nic nev\u011bd\u011bl&#8221; a &#8220;v\u0161e bylo utajeno&#8221;.<\/p>\n<p>V tomto duchu mi i za\u010d\u00edn\u00e1 b\u00fdt jasn\u00fd p\u0159\u00edpad uprchl\u00e9ho ob\u017ealovan\u00e9ho mana\u017eera Trend, kter\u00fd se\u00a0<a href=\"http:\/\/zpravy.idnes.cz\/manazer-trendu-se-vratil-po-letech-skryvani-fza-\/domaci.aspx?c=A130109_200328_domaci_jj\">vr\u00e1til pouh\u00e9 dva t\u00fddny p\u0159ed vyhl\u00e1\u0161en\u00edm amnestie<\/a>. (Jak to v\u011bd\u011bl? Pokud by se nevr\u00e1til, amnestie by se na n\u011bj nevztahovala). Ale jak jsem psal, jeho n\u00e1vrat, resp. informovanost u\u017e mne vzhledem k v\u00fd\u0161e \u0159e\u010den\u00e9mu nep\u0159ekvapuje. &#8211; Ale pochopiteln\u011b, mohlo se stejn\u011b tak dob\u0159e jednat i o n\u00e1hodu.<\/p>\n<p>Poj\u010fme se ale pod\u00edvat na dal\u0161\u00ed podivnosti cel\u00e9 tzv. amnestie.<\/p>\n<p><strong>Amnestie byla p\u0159ipravov\u00e1na v z\u00e1kon\u011b o p\u0159\u00edm\u00e9 volb\u011b prezidenta<\/strong><\/p>\n<p>Dal\u0161\u00ed pikantnost je fakt, \u017ee amnestie byla prokazateln\u011b p\u0159ipravov\u00e1na i zm\u011bnou legislativy &#8211; v\u010detn\u011b \u00dastavy \u010cR. \u010cerstv\u00fd, \u0159\u00edjnov\u00fd \u00fastavn\u00ed\u00a0<a href=\"http:\/\/www.usoud.cz\/clanek\/ustavni_zakon_71-2012\">z\u00e1kon o p\u0159\u00edm\u00e9 volb\u011b prezidenta<\/a>\u00a0byl vyu\u017eit (zneu\u017eit) ke zm\u011bn\u00e1m, je\u017e umo\u017enily Klausovu amnestii. Konkr\u00e9tn\u011b jde o odstavec: &#8220;<a href=\"http:\/\/www.usoud.cz\/clanek\/ustavni_zakon_71-2012\"><em>\u201ej) na\u0159izuje, aby se trestn\u00ed \u0159\u00edzen\u00ed nezahajovalo, a bylo-li zah\u00e1jeno, aby se v n\u011bm nepokra\u010dovalo,\u201c<\/em><\/a>. To je ale n\u00e1hoda! P\u0159esn\u011b tato formulace umo\u017enila panu Klausovi n\u00e1sleduj\u00edc\u00ed odstavec v amnestii:<\/p>\n<p><a href=\"http:\/\/www.denik.cz\/z_domova\/klaus-vyhlasil-pri-prilezitosti-vyroci-vzniku-ceska-amnestii-20130101.html\"><strong><em>&#8220;\u010cl. II<\/em><\/strong><br \/>\n<strong><em>Zastaven\u00ed trestn\u00edho st\u00edh\u00e1n\u00ed<\/em><\/strong><br \/>\n<em>Na\u0159izuji, aby bylo zastaveno pravomocn\u011b neskon\u010den\u00e9 trestn\u00ed st\u00edh\u00e1n\u00ed, s v\u00fdjimkou trestn\u00edho st\u00edh\u00e1n\u00ed proti uprchl\u00e9mu, od jeho\u017e zah\u00e1jen\u00ed k 1. lednu 2013 uplynulo v\u00edce ne\u017e 8 let, pro trestn\u00e9 \u010diny, za n\u011b\u017e trestn\u00ed z\u00e1kon\u00edk stanov\u00ed trest odn\u011bt\u00ed svobody nep\u0159evy\u0161uj\u00edc\u00ed deset let.&#8221;<\/em><\/a><\/p>\n<p>A op\u011bt! Jak\u00e1 n\u00e1hoda! P\u0159esn\u011b na z\u00e1klad\u011b tohoto odstavce jsou propu\u0161t\u011bni ob\u017ealovan\u00ed z korup\u010dn\u00edch kauz.<\/p>\n<p>Kam se \u010dlov\u011bk pod\u00edv\u00e1, sam\u00e9 zvl\u00e1\u0161tn\u00ed n\u00e1hody.<\/p>\n<p>Z\u00e1kon za\u010dal platit u\u017e 1.10. &#8211; i \u010dasov\u011b se to tedy kr\u00e1sn\u011b stihlo.<\/p>\n<p>To nen\u00ed jedin\u00e1 zaj\u00edmav\u00e1 zm\u011bna v \u00fastav\u011b, kterou z\u00e1kon o p\u0159\u00edm\u00e9 volb\u011b prezidenta p\u0159inesl. Z\u00e1kon podstatn\u011b zt\u00ed\u017eil mo\u017enost ob\u017ealov\u00e1n\u00ed prezidenta z velezrady. &#8211; Mo\u017enost, kter\u00e1 byla u\u017e ve st\u00e1vaj\u00edc\u00ed \u00fastav\u011b zna\u010dn\u011b zkomplikovan\u00e1, se je\u0161t\u011b v\u00edce zt\u00ed\u017eila:<\/p>\n<p>P\u016fvodn\u00ed formulace byla tato:<\/p>\n<p><a href=\"http:\/\/www.mkc.cz\/img\/otevrena_skola\/ke_stazeni\/ustava_cr.pdf\"><em>\u010cl\u00e1nek 65<\/em><\/a><\/p>\n<p><a href=\"http:\/\/www.mkc.cz\/img\/otevrena_skola\/ke_stazeni\/ustava_cr.pdf\"><em>(1) Prezidenta republiky nelze zadr\u017eet, trestn\u011b st\u00edhat ani st\u00edhat pro p\u0159estupek nebo jin\u00fd spr\u00e1vn\u00ed delikt.<\/em><\/a><br \/>\n<a href=\"http:\/\/www.mkc.cz\/img\/otevrena_skola\/ke_stazeni\/ustava_cr.pdf\">(2) Prezident republiky m\u016f\u017ee b\u00fdt st\u00edh\u00e1n pro velezradu, a to p\u0159ed \u00dastavn\u00edm soudem\u00a0<strong>na z\u00e1klad\u011b \u017ealoby Sen\u00e1tu<\/strong>. Trestem m\u016f\u017ee b\u00fdt ztr\u00e1ta prezidentsk\u00e9ho \u00fa\u0159adu a\u00a0<em>zp\u016fsobilosti jej znovu nab\u00fdt.<\/em><\/a><br \/>\n<a href=\"http:\/\/www.mkc.cz\/img\/otevrena_skola\/ke_stazeni\/ustava_cr.pdf\"><em>(3) Trestn\u00ed st\u00edh\u00e1n\u00ed pro trestn\u00e9 \u010diny sp\u00e1chan\u00e9 po dobu v\u00fdkonu funkce prezidenta republiky je nav\u017edy vylou\u010deno.<\/em><\/a><\/p>\n<p>Nov\u00fd text \u00dastavy, zm\u011bn\u011bn\u00fd z\u00e1konem o P\u0159\u00edm\u00e9 volb\u011b prezidenta:<\/p>\n<p><em>\u201e(2)\u00a0<strong>Sen\u00e1t m\u016f\u017ee<\/strong>\u00a0<strong>se souhlasem Poslaneck\u00e9 sn\u011bmovny<\/strong>\u00a0podat \u00fastavn\u00ed \u017ealobu proti prezidentu republiky k \u00dastavn\u00edmu soudu, a to pro velezradu nebo pro hrub\u00e9 poru\u0161en\u00ed \u00dastavy nebo jin\u00e9 sou\u010d\u00e1sti \u00fastavn\u00edho po\u0159\u00e1dku; velezradou se rozum\u00ed jedn\u00e1n\u00ed prezidenta republiky sm\u011b\u0159uj\u00edc\u00ed proti svrchovanosti a celistvosti republiky, jako\u017e i proti jej\u00edmu demokratick\u00e9mu \u0159\u00e1du. \u00dastavn\u00ed soud m\u016f\u017ee na z\u00e1klad\u011b \u00fastavn\u00ed \u017ealoby Sen\u00e1tu rozhodnout o tom, \u017ee prezident republiky ztr\u00e1c\u00ed prezidentsk\u00fd \u00fa\u0159ad a zp\u016fsobilost jej znovu nab\u00fdt.\u201c\u00a0<\/em><\/p>\n<p>Zaspekulujme si: Jak\u00e1 byla asi d\u016fvodov\u00e1 zpr\u00e1va pro tuto zm\u011bnu z\u00e1kona? \u017de by p\u0159ece jen obava z reakce ve\u0159ejnosti na chystanou amnestii?<\/p>\n<p><strong>Bez podpisu premi\u00e9ra Ne\u010dase by amnestie neplatila<\/strong><\/p>\n<p>Je\u0161t\u011b zrekapitulujme, \u017ee k ud\u011blen\u00ed amnestie, resp. pro zah\u00e1jen\u00ed jej\u00ed platnosti\u00a0<a href=\"http:\/\/cs.wikipedia.org\/wiki\/Kontrasignace\">je\u00a0nutn\u00fd podpis premi\u00e9ra<\/a>. (Viz posledn\u00ed odr\u00e1\u017eka odkazu). Premi\u00e9r Ne\u010das a s n\u00edm i cel\u00e1 vl\u00e1da, kterou zastupuje, tak spoluzodpov\u00edd\u00e1 za celou amnestii. Nen\u00ed to tedy jen Klausova amnestie, cel\u00fd projekt jde i za vl\u00e1dou a vzhledem k p\u0159\u00edpravn\u00fdm zm\u011bn\u00e1m legislativy, i za poslaneckou sn\u011bmovnou.<strong><br \/>\n<\/strong><\/p>\n<p><strong>Postar\u00e1no je i o exsen\u00e1tora Nov\u00e1ka<\/strong><\/p>\n<p>Drobn\u00e1 perli\u010dka na z\u00e1v\u011br: Nezapomn\u011blo se ani na exsen\u00e1tora Nov\u00e1ka:\u00a0<a href=\"https:\/\/www.google.cz\/url?sa=t&amp;rct=j&amp;q=&amp;esrc=s&amp;source=web&amp;cd=1&amp;ved=0CDAQFjAA&amp;url=http:\/\/zpravy.idnes.cz\/alexandr-novak-nenastoupil-do-vezeni-dwm-\/krimi.aspx?c=A130109_1874844_usti-zpravy_alh&amp;ei=co3yUKGuBOfW0QWWsoHgDg&amp;usg=AFQjCNHUqAe_akLaS0KHz08IuBRufI3YNQ&amp;sig2=cI6emPu0wXKNTatMsAa6mA&amp;bvm=bv.1357700187,d.d2k&amp;cad=rja\">Soud kv\u016fli amnesti\u00edm nest\u00edh\u00e1 rozhodnout o v\u011bzen\u00ed pro exsen\u00e1tora Nov\u00e1ka<\/a>. Festival klientelismu s kryc\u00edm n\u00e1zvem amnestie je tak doveden k \u00fapln\u00e9 dokonalosti.<\/p>\n<p>&nbsp;<\/p>\n<p>PS: Byl jsem upozorn\u011bn, \u017ee p\u0159eru\u0161en\u00ed trestn\u00edho st\u00edh\u00e1n\u00ed se neobjevilo v \u00fastav\u011b nov\u011b, \u017ee u\u017e tam bylo. To jsem p\u0159ehl\u00e9dl, d\u00edky ne \u00fapln\u011b p\u0159ehledn\u00e9 formulaci zm\u011bnov\u00e9ho z\u00e1kona. Za tuto nep\u0159esnost se omlouv\u00e1m. Ostatn\u00ed \u010d\u00e1sti textu ale podle m\u00e9ho n\u00e1zoru plat\u00ed.<\/p>\n<div data-counters='1' data-style='square' data-size='regular' data-url='https:\/\/obcanskymonitoring.cz\/?p=955' data-title='Amnestii chystali dlouh\u00e9 m\u011bs\u00edce. Zm\u011bnili i \u00fastavu.' class='linksalpha_container linksalpha_app_3'><a href='\/\/www.linksalpha.com\/share?network='facebook' class='linksalpha_icon_facebook'><\/a><a href='\/\/www.linksalpha.com\/share?network='twitter' class='linksalpha_icon_twitter'><\/a><a href='\/\/www.linksalpha.com\/share?network='googleplus' class='linksalpha_icon_googleplus'><\/a><a href='\/\/www.linksalpha.com\/share?network='mail' class='linksalpha_icon_mail'><\/a><\/div><div data-position='' data-url='https:\/\/obcanskymonitoring.cz\/?p=955' data-title='Amnestii chystali dlouh\u00e9 m\u011bs\u00edce. Zm\u011bnili i \u00fastavu.' class='linksalpha_container linksalpha_app_7'><a href='\/\/www.linksalpha.com\/share?network='facebook' class='linksalpha_icon_facebook'><\/a><a href='\/\/www.linksalpha.com\/share?network='twitter' class='linksalpha_icon_twitter'><\/a><a href='\/\/www.linksalpha.com\/share?network='googleplus' class='linksalpha_icon_googleplus'><\/a><a href='\/\/www.linksalpha.com\/share?network='mail' class='linksalpha_icon_mail'><\/a><\/div>","protected":false},"excerpt":{"rendered":"<p>&nbsp;968&nbsp;total views Prezidentsk\u00e1 amnestie a jej\u00ed skand\u00e1lnost byla v tisku rozebr\u00e1na dostate\u010dn\u011b. Poj\u010fme si ale proj\u00edt to, o \u010dem se zat\u00edm v\u016fbec nep\u00ed\u0161e a\u00a0co na cel\u00e9m p\u0159\u00edb\u011bhu po\u0159\u00e1dn\u011b sk\u0159\u00edpe. \u017de amnestie nen\u00ed d\u00edlo jednoho mu\u017ee, \u017ee nebyla p\u0159ipravena ze dne na den, \u017ee j\u00ed p\u0159edch\u00e1zela zm\u011bna \u00fastavy (vyu\u017eit \/ zneu\u017eit k tomu byl z\u00e1kon o [&hellip;]<\/p>\n","protected":false},"author":2,"featured_media":0,"comment_status":"open","ping_status":"open","sticky":false,"template":"","format":"standard","meta":[],"categories":[1],"tags":[],"_links":{"self":[{"href":"https:\/\/obcanskymonitoring.cz\/index.php?rest_route=\/wp\/v2\/posts\/955"}],"collection":[{"href":"https:\/\/obcanskymonitoring.cz\/index.php?rest_route=\/wp\/v2\/posts"}],"about":[{"href":"https:\/\/obcanskymonitoring.cz\/index.php?rest_route=\/wp\/v2\/types\/post"}],"author":[{"embeddable":true,"href":"https:\/\/obcanskymonitoring.cz\/index.php?rest_route=\/wp\/v2\/users\/2"}],"replies":[{"embeddable":true,"href":"https:\/\/obcanskymonitoring.cz\/index.php?rest_route=%2Fwp%2Fv2%2Fcomments&post=955"}],"version-history":[{"count":0,"href":"https:\/\/obcanskymonitoring.cz\/index.php?rest_route=\/wp\/v2\/posts\/955\/revisions"}],"wp:attachment":[{"href":"https:\/\/obcanskymonitoring.cz\/index.php?rest_route=%2Fwp%2Fv2%2Fmedia&parent=955"}],"wp:term":[{"taxonomy":"category","embeddable":true,"href":"https:\/\/obcanskymonitoring.cz\/index.php?rest_route=%2Fwp%2Fv2%2Fcategories&post=955"},{"taxonomy":"post_tag","embeddable":true,"href":"https:\/\/obcanskymonitoring.cz\/index.php?rest_route=%2Fwp%2Fv2%2Ftags&post=955"}],"curies":[{"name":"wp","href":"https:\/\/api.w.org\/{rel}","templated":true}]}}